{"id":15405,"date":"2015-07-13T21:19:25","date_gmt":"2015-07-13T19:19:25","guid":{"rendered":"http:\/\/www.anthealein.de\/?p=15405"},"modified":"2015-07-13T21:21:08","modified_gmt":"2015-07-13T19:21:08","slug":"richtig-still","status":"publish","type":"post","link":"https:\/\/www.anthealein.de\/?p=15405","title":{"rendered":"Richtig still &hellip;"},"content":{"rendered":"<p>&#160;<\/p>\n<p align=\"justify\">\u2026 ist es hier, so ohne Jana. F\u00fcnf Tage Ruhe und Frieden *g*. Wobei Lena vorhin schon ankam und meinte, das ihr Jana fehlt :herz: . Ich hingegen genie\u00dfe es momentan noch, das nicht permanent irgendwas im Weg liegt, was \u00fcberhaupt nicht dorthin geh\u00f6rt, wo es gerade liegt. Aber vermissen tun wir Mi nat\u00fcrlich alle, sogar ihre Hayday-Farm, die ich f\u00fcr die paar Tage \u00fcbernommen habe <img decoding=\"async\" class=\"wlEmoticon wlEmoticon-winkingsmile\" style=\"border-top-style: none; border-bottom-style: none; border-right-style: none; border-left-style: none\" alt=\"Zwinkerndes Smiley\" src=\"http:\/\/www.anthealein.de\/wp-content\/uploads\/2015\/07\/wlEmoticon-winkingsmile2.png\" \/> . <\/p>\n<p align=\"justify\">&#160;<\/p>\n<p align=\"justify\">Vor langer, langer Zeit habe ich mich hier mal dar\u00fcber ge\u00e4u\u00dfert, das mich Mi wohl ver\u00e4ppelt. Thema Lesen. Bei Lena geht das mit dem Lesen inzwischen schon besser, aber auch bei ihr haben wir (Jana und ich) das deutliche Gef\u00fchl, das sie uns gelegentlich (ha!!!!) ver\u00e4ppelt. Und seit heute bin ich mir da sogar sehr sicher. Letztens beim Arzt (Jana + Lena beide im Gep\u00e4ck): Dr. M.\u2026\u2026 T.\u2026\u2026 t\u00f6nte es pl\u00f6tzlich vom Kind. Spiegelschrift, da der Aufdruck au\u00dfen auf der Scheibe steht und wir in der Praxis standen. OK, k\u00f6nnte sie von Papa mal geh\u00f6rt haben. Also hingenommen (ich), Jana kommentierte \u201c\u00c4\u00e4\u00e4\u00e4\u00e4\u00e4\u00e4\u00e4\u00e4\u00e4\u00e4cht jetzt???\u201d. Heute aber sa\u00df sie mal wieder auf dem K\u00fcchentisch, w\u00e4hrend wir \u201cWer war\u2019s\u201d spielten. Nebenbei schrieb ich meiner Cousine \u201cBis bald und einen sch\u00f6nen Abend w\u00fcnsche ich euch\u201d. Lena-ich-kann-ganz-schlecht-lesen sa\u00df dabei wie gesagt auf dem Tisch. Und las allen Ernstes fl\u00fcssig, Wort f\u00fcr Wort meiner Nachricht laut mit, w\u00e4hrend ich sie tippte. Wohlgemerkt, kopf\u00fcber die Nachricht lesend. Nat\u00fcrlich konnte ich es mir nicht verkneifen, das zu kommentieren. Ihre Antwort: \u201cDas macht ja auch viel mehr Spa\u00df \u00fcber Kopf zu lesen!\u201d. Na toll. Das soll sie mal bitte ihrem Lehrer erz\u00e4hlen.<\/p>\n<p align=\"justify\">&#160;<\/p>\n<p align=\"center\"><a href=\"http:\/\/www.anthealein.de\/wp-content\/uploads\/2015\/07\/13072015.jpg\"><img loading=\"lazy\" decoding=\"async\" title=\"13072015\" style=\"border-top: 0px; border-right: 0px; background-image: none; border-bottom: 0px; padding-top: 0px; padding-left: 0px; border-left: 0px; display: inline; padding-right: 0px\" border=\"0\" alt=\"13072015\" src=\"http:\/\/www.anthealein.de\/wp-content\/uploads\/2015\/07\/13072015_thumb.jpg\" width=\"354\" height=\"504\" \/><\/a>    <br \/>Heute morgen vor dem Aufbruch. Ich musste heute morgen noch mal ihren Koffer ausr\u00e4umen, weil sie mir partout nicht glauben wollte, das ich Gummistiefel (Wattwanderung) eingepackt hatte. Ich bin ja eher der festen \u00dcberzeugung, das sie vergessen hat einen Badeanzug mit einzupacken.<\/p>\n<p align=\"center\">&#160;<\/p>\n<p align=\"center\"><a href=\"http:\/\/www.anthealein.de\/wp-content\/uploads\/2015\/07\/13072015II.jpg\"><img loading=\"lazy\" decoding=\"async\" title=\"13072015II\" style=\"border-top: 0px; border-right: 0px; background-image: none; border-bottom: 0px; padding-top: 0px; padding-left: 0px; border-left: 0px; display: inline; padding-right: 0px\" border=\"0\" alt=\"13072015II\" src=\"http:\/\/www.anthealein.de\/wp-content\/uploads\/2015\/07\/13072015II_thumb.jpg\" width=\"354\" height=\"504\" \/><\/a><\/p>\n<p align=\"center\">&#160;<\/p>\n<p align=\"center\"><a href=\"http:\/\/www.anthealein.de\/wp-content\/uploads\/2015\/07\/13072015III.jpg\"><img loading=\"lazy\" decoding=\"async\" title=\"13072015III\" style=\"border-top: 0px; border-right: 0px; background-image: none; border-bottom: 0px; padding-top: 0px; padding-left: 0px; border-left: 0px; display: inline; padding-right: 0px\" border=\"0\" alt=\"13072015III\" src=\"http:\/\/www.anthealein.de\/wp-content\/uploads\/2015\/07\/13072015III_thumb.jpg\" width=\"504\" height=\"354\" \/><\/a>    <br \/>Man beachte die violette Bl\u00fcte in der Mitte <img decoding=\"async\" class=\"wlEmoticon wlEmoticon-smile\" style=\"border-top-style: none; border-bottom-style: none; border-right-style: none; border-left-style: none\" alt=\"Smiley\" src=\"http:\/\/www.anthealein.de\/wp-content\/uploads\/2015\/07\/wlEmoticon-smile5.png\" \/><\/p>\n","protected":false},"excerpt":{"rendered":"<p>&#160; \u2026 ist es hier, so ohne Jana. F\u00fcnf Tage Ruhe und Frieden *g*. Wobei Lena vorhin schon ankam und meinte, das ihr Jana fehlt :herz: . Ich hingegen genie\u00dfe es momentan noch, das nicht permanent irgendwas im Weg liegt, was \u00fcberhaupt nicht dorthin geh\u00f6rt, wo es gerade liegt. Aber vermissen tun wir Mi nat\u00fcrlich [&hellip;]<\/p>\n","protected":false},"author":1,"featured_media":0,"comment_status":"open","ping_status":"open","sticky":false,"template":"","format":"standard","meta":{"footnotes":""},"categories":[3],"tags":[],"class_list":["post-15405","post","type-post","status-publish","format-standard","hentry","category-alles-mogliche"],"_links":{"self":[{"href":"https:\/\/www.anthealein.de\/index.php?rest_route=\/wp\/v2\/posts\/15405","targetHints":{"allow":["GET"]}}],"collection":[{"href":"https:\/\/www.anthealein.de\/index.php?rest_route=\/wp\/v2\/posts"}],"about":[{"href":"https:\/\/www.anthealein.de\/index.php?rest_route=\/wp\/v2\/types\/post"}],"author":[{"embeddable":true,"href":"https:\/\/www.anthealein.de\/index.php?rest_route=\/wp\/v2\/users\/1"}],"replies":[{"embeddable":true,"href":"https:\/\/www.anthealein.de\/index.php?rest_route=%2Fwp%2Fv2%2Fcomments&post=15405"}],"version-history":[{"count":2,"href":"https:\/\/www.anthealein.de\/index.php?rest_route=\/wp\/v2\/posts\/15405\/revisions"}],"predecessor-version":[{"id":15407,"href":"https:\/\/www.anthealein.de\/index.php?rest_route=\/wp\/v2\/posts\/15405\/revisions\/15407"}],"wp:attachment":[{"href":"https:\/\/www.anthealein.de\/index.php?rest_route=%2Fwp%2Fv2%2Fmedia&parent=15405"}],"wp:term":[{"taxonomy":"category","embeddable":true,"href":"https:\/\/www.anthealein.de\/index.php?rest_route=%2Fwp%2Fv2%2Fcategories&post=15405"},{"taxonomy":"post_tag","embeddable":true,"href":"https:\/\/www.anthealein.de\/index.php?rest_route=%2Fwp%2Fv2%2Ftags&post=15405"}],"curies":[{"name":"wp","href":"https:\/\/api.w.org\/{rel}","templated":true}]}}