{"id":15391,"date":"2015-07-11T21:19:57","date_gmt":"2015-07-11T19:19:57","guid":{"rendered":"http:\/\/www.anthealein.de\/?p=15391"},"modified":"2015-07-11T21:19:57","modified_gmt":"2015-07-11T19:19:57","slug":"die-kinder-3","status":"publish","type":"post","link":"https:\/\/www.anthealein.de\/?p=15391","title":{"rendered":"Die Kinder &hellip;"},"content":{"rendered":"<p>&#160;<\/p>\n<p align=\"justify\">\u2026 wollten doch nicht l\u00e4nger auf dem Open-Air vom NDR bleiben. Janas Freundin jedenfalls nicht. Und Jana w\u00e4re nochmal gerne hin, aber irgendwie auch nicht. Und da es die zwei Stunden beim Konzert derma\u00dfen hei\u00df gewesen ist und die Sonne so richtig doof wurde, hat sich bei mir Uhthoff gemeldet und ich habe nach zig \u201cWollen wir? Wollen wir nicht?\u201d-\u00dcberlegungen entschieden, das der Live-Stream f\u00fcr den Rest reicht. Jedenfalls f\u00fcr mich, Jana schaut was anderes *g*. Ihr ging es eigentlich auch nur um den ersten K\u00fcnstler und wirklich begeistert war sie von dem Auftritt nicht. Das Kind ist ja auch erst 11 Jahre und hat noch viele, viele Jahre Zeit f\u00fcr Konzerte. Am Besten waren im \u00dcbrigen die Jungs von der Security, die eine unheimlich tolle Show vor der B\u00fchne abgezogen haben <img decoding=\"async\" class=\"wlEmoticon wlEmoticon-smile\" style=\"border-top-style: none; border-bottom-style: none; border-right-style: none; border-left-style: none\" alt=\"Smiley\" src=\"http:\/\/www.anthealein.de\/wp-content\/uploads\/2015\/07\/wlEmoticon-smile4.png\" \/> .<\/p>\n<p align=\"justify\">&#160;<\/p>\n<p align=\"center\"><a href=\"http:\/\/www.anthealein.de\/wp-content\/uploads\/2015\/07\/11072015II.jpg\"><img loading=\"lazy\" decoding=\"async\" title=\"11072015II\" style=\"border-top: 0px; border-right: 0px; background-image: none; border-bottom: 0px; padding-top: 0px; padding-left: 0px; border-left: 0px; display: inline; padding-right: 0px\" border=\"0\" alt=\"11072015II\" src=\"http:\/\/www.anthealein.de\/wp-content\/uploads\/2015\/07\/11072015II_thumb.jpg\" width=\"404\" height=\"504\" \/><\/a>    <br \/>Weiter vorne ging nicht <img decoding=\"async\" class=\"wlEmoticon wlEmoticon-smile\" style=\"border-top-style: none; border-bottom-style: none; border-right-style: none; border-left-style: none\" alt=\"Smiley\" src=\"http:\/\/www.anthealein.de\/wp-content\/uploads\/2015\/07\/wlEmoticon-smile4.png\" \/><\/p>\n<p align=\"center\">&#160;<\/p>\n<p align=\"center\"><a href=\"http:\/\/www.anthealein.de\/wp-content\/uploads\/2015\/07\/11072015.jpg\"><img loading=\"lazy\" decoding=\"async\" title=\"11072015\" style=\"border-top: 0px; border-right: 0px; background-image: none; border-bottom: 0px; padding-top: 0px; padding-left: 0px; border-left: 0px; display: inline; padding-right: 0px\" border=\"0\" alt=\"11072015\" src=\"http:\/\/www.anthealein.de\/wp-content\/uploads\/2015\/07\/11072015_thumb.jpg\" width=\"404\" height=\"504\" \/><\/a><\/p>\n","protected":false},"excerpt":{"rendered":"<p>&#160; \u2026 wollten doch nicht l\u00e4nger auf dem Open-Air vom NDR bleiben. Janas Freundin jedenfalls nicht. Und Jana w\u00e4re nochmal gerne hin, aber irgendwie auch nicht. Und da es die zwei Stunden beim Konzert derma\u00dfen hei\u00df gewesen ist und die Sonne so richtig doof wurde, hat sich bei mir Uhthoff gemeldet und ich habe nach [&hellip;]<\/p>\n","protected":false},"author":1,"featured_media":0,"comment_status":"open","ping_status":"open","sticky":false,"template":"","format":"standard","meta":{"footnotes":""},"categories":[3],"tags":[],"class_list":["post-15391","post","type-post","status-publish","format-standard","hentry","category-alles-mogliche"],"_links":{"self":[{"href":"https:\/\/www.anthealein.de\/index.php?rest_route=\/wp\/v2\/posts\/15391","targetHints":{"allow":["GET"]}}],"collection":[{"href":"https:\/\/www.anthealein.de\/index.php?rest_route=\/wp\/v2\/posts"}],"about":[{"href":"https:\/\/www.anthealein.de\/index.php?rest_route=\/wp\/v2\/types\/post"}],"author":[{"embeddable":true,"href":"https:\/\/www.anthealein.de\/index.php?rest_route=\/wp\/v2\/users\/1"}],"replies":[{"embeddable":true,"href":"https:\/\/www.anthealein.de\/index.php?rest_route=%2Fwp%2Fv2%2Fcomments&post=15391"}],"version-history":[{"count":1,"href":"https:\/\/www.anthealein.de\/index.php?rest_route=\/wp\/v2\/posts\/15391\/revisions"}],"predecessor-version":[{"id":15392,"href":"https:\/\/www.anthealein.de\/index.php?rest_route=\/wp\/v2\/posts\/15391\/revisions\/15392"}],"wp:attachment":[{"href":"https:\/\/www.anthealein.de\/index.php?rest_route=%2Fwp%2Fv2%2Fmedia&parent=15391"}],"wp:term":[{"taxonomy":"category","embeddable":true,"href":"https:\/\/www.anthealein.de\/index.php?rest_route=%2Fwp%2Fv2%2Fcategories&post=15391"},{"taxonomy":"post_tag","embeddable":true,"href":"https:\/\/www.anthealein.de\/index.php?rest_route=%2Fwp%2Fv2%2Ftags&post=15391"}],"curies":[{"name":"wp","href":"https:\/\/api.w.org\/{rel}","templated":true}]}}