{"id":15360,"date":"2015-07-06T21:05:42","date_gmt":"2015-07-06T19:05:42","guid":{"rendered":"http:\/\/www.anthealein.de\/?p=15360"},"modified":"2015-07-06T21:06:08","modified_gmt":"2015-07-06T19:06:08","slug":"da-hab-ich-heute","status":"publish","type":"post","link":"https:\/\/www.anthealein.de\/?p=15360","title":{"rendered":"Da hab ich heute &hellip;"},"content":{"rendered":"<p>&#160;<\/p>\n<p align=\"justify\">\u2026 die Kinder eher von der Schule abgeholt, wegen ihrem Impftermin. Und erfahre dann von der Kinder\u00e4rztin, das Jana erst ab Oktober dran ist, weil sie nicht zu fr\u00fch impfen wollen. Im Impfpass war nur ein Zettel mit \u201cn\u00e4chste Impfung 2015\u201d. Hmpf. Aber nun hatte ich Jana schon mal dabei, also kam sie auch mit in den Stadtpark nach der Physio. Und von da aus bei Kaufland vorbei und schlie\u00dflich zur Augen\u00e4rztin, bei der Lena einen Termin hatte. Wie ich dachte. Bei der Sehschule wurde schon gefragt \u201cJana-Marie nicht?\u201d und irgendwann kam die Sprechstundenhilfe und fragte, ob ich die Karte von Jana gar nicht dabei h\u00e4tte. Da stand nur Lena auf meinem Zettel, aber beide Kinder hatten Termin. Beim n\u00e4chsten Termin sind wir wieder alle drei dran <img decoding=\"async\" class=\"wlEmoticon wlEmoticon-smile\" style=\"border-top-style: none; border-bottom-style: none; border-right-style: none; border-left-style: none\" alt=\"Smiley\" src=\"http:\/\/www.anthealein.de\/wp-content\/uploads\/2015\/07\/wlEmoticon-smile1.png\" \/> . <\/p>\n<p align=\"justify\">&#160;<\/p>\n<p align=\"justify\">F\u00fcr Janas Klassenfahrt ist alles an Minipackungen gekauft (sie liebt diese Probenabteilung bei Kaufland\/Rossmann und co.) und auch die Tabletten gegen Reise\u00fcbelkeit sind besorgt. Bus hin, Bus zur\u00fcck, Schifffahrt nach Langeoog und Schifffahrt zur\u00fcck. Das schafft das Kind nicht ohne irgendwas.<\/p>\n<p align=\"justify\">Lena brachte daf\u00fcr heute schon wieder einen Zettel nach Hause. Letzte Woche gab es den Zettel f\u00fcr morgen (Fahrt zum Erdbeerfeld, um Erdbeeren f\u00fcr das Sommerfest zu pfl\u00fccken) und heute gab es den f\u00fcr Donnerstag. Fahrt zur Spielstadt nach Hohenkirchen mit den Kindern der Partnerschule. Irgendwann gegen 14 Uhr sollen die Kinder wieder kommen. Ich liebe diese genauen Zeitangaben shock .<\/p>\n<p align=\"justify\">&#160;<\/p>\n<p align=\"center\"><a href=\"http:\/\/www.anthealein.de\/wp-content\/uploads\/2015\/07\/06072015.jpg\"><img loading=\"lazy\" decoding=\"async\" title=\"06072015\" style=\"border-top: 0px; border-right: 0px; background-image: none; border-bottom: 0px; padding-top: 0px; padding-left: 0px; border-left: 0px; display: inline; padding-right: 0px\" border=\"0\" alt=\"06072015\" src=\"http:\/\/www.anthealein.de\/wp-content\/uploads\/2015\/07\/06072015_thumb.jpg\" width=\"404\" height=\"504\" \/><\/a><\/p>\n<p align=\"center\">&#160;<\/p>\n<p align=\"center\"><a href=\"http:\/\/www.anthealein.de\/wp-content\/uploads\/2015\/07\/06072015II.jpg\"><img loading=\"lazy\" decoding=\"async\" title=\"06072015II\" style=\"border-top: 0px; border-right: 0px; background-image: none; border-bottom: 0px; padding-top: 0px; padding-left: 0px; border-left: 0px; display: inline; padding-right: 0px\" border=\"0\" alt=\"06072015II\" src=\"http:\/\/www.anthealein.de\/wp-content\/uploads\/2015\/07\/06072015II_thumb.jpg\" width=\"504\" height=\"504\" \/><\/a><\/p>\n<p align=\"center\">&#160;<\/p>\n<p align=\"center\"><a href=\"http:\/\/www.anthealein.de\/wp-content\/uploads\/2015\/07\/06072015III.jpg\"><img loading=\"lazy\" decoding=\"async\" title=\"06072015III\" style=\"border-top: 0px; border-right: 0px; background-image: none; border-bottom: 0px; padding-top: 0px; padding-left: 0px; border-left: 0px; display: inline; padding-right: 0px\" border=\"0\" alt=\"06072015III\" src=\"http:\/\/www.anthealein.de\/wp-content\/uploads\/2015\/07\/06072015III_thumb.jpg\" width=\"504\" height=\"504\" \/><\/a><\/p>\n<p align=\"center\">&#160;<\/p>\n<p align=\"center\"><a href=\"http:\/\/www.anthealein.de\/wp-content\/uploads\/2015\/07\/06072015IV.jpg\"><img loading=\"lazy\" decoding=\"async\" title=\"06072015IV\" style=\"border-top: 0px; border-right: 0px; background-image: none; border-bottom: 0px; padding-top: 0px; padding-left: 0px; border-left: 0px; display: inline; padding-right: 0px\" border=\"0\" alt=\"06072015IV\" src=\"http:\/\/www.anthealein.de\/wp-content\/uploads\/2015\/07\/06072015IV_thumb.jpg\" width=\"504\" height=\"504\" \/><\/a><\/p>\n<p align=\"center\">&#160;<\/p>\n<p align=\"center\"><a href=\"http:\/\/www.anthealein.de\/wp-content\/uploads\/2015\/07\/06072015V.jpg\"><img loading=\"lazy\" decoding=\"async\" title=\"06072015V\" style=\"border-top: 0px; border-right: 0px; background-image: none; border-bottom: 0px; padding-top: 0px; padding-left: 0px; border-left: 0px; display: inline; padding-right: 0px\" border=\"0\" alt=\"06072015V\" src=\"http:\/\/www.anthealein.de\/wp-content\/uploads\/2015\/07\/06072015V_thumb.jpg\" width=\"504\" height=\"504\" \/><\/a><\/p>\n<p align=\"center\">&#160;<\/p>\n<p align=\"center\"><a href=\"http:\/\/www.anthealein.de\/wp-content\/uploads\/2015\/07\/06072015VI.jpg\"><img loading=\"lazy\" decoding=\"async\" title=\"06072015VI\" style=\"border-top: 0px; border-right: 0px; background-image: none; border-bottom: 0px; padding-top: 0px; padding-left: 0px; border-left: 0px; display: inline; padding-right: 0px\" border=\"0\" alt=\"06072015VI\" src=\"http:\/\/www.anthealein.de\/wp-content\/uploads\/2015\/07\/06072015VI_thumb.jpg\" width=\"504\" height=\"504\" \/><\/a><\/p>\n<p align=\"center\">&#160;<\/p>\n<p align=\"center\"><a href=\"http:\/\/www.anthealein.de\/wp-content\/uploads\/2015\/07\/06072015VII.jpg\"><img loading=\"lazy\" decoding=\"async\" title=\"06072015VII\" style=\"border-top: 0px; border-right: 0px; background-image: none; border-bottom: 0px; padding-top: 0px; padding-left: 0px; border-left: 0px; display: inline; padding-right: 0px\" border=\"0\" alt=\"06072015VII\" src=\"http:\/\/www.anthealein.de\/wp-content\/uploads\/2015\/07\/06072015VII_thumb.jpg\" width=\"504\" height=\"504\" \/><\/a><\/p>\n","protected":false},"excerpt":{"rendered":"<p>&#160; \u2026 die Kinder eher von der Schule abgeholt, wegen ihrem Impftermin. Und erfahre dann von der Kinder\u00e4rztin, das Jana erst ab Oktober dran ist, weil sie nicht zu fr\u00fch impfen wollen. Im Impfpass war nur ein Zettel mit \u201cn\u00e4chste Impfung 2015\u201d. Hmpf. Aber nun hatte ich Jana schon mal dabei, also kam sie auch [&hellip;]<\/p>\n","protected":false},"author":1,"featured_media":0,"comment_status":"open","ping_status":"open","sticky":false,"template":"","format":"standard","meta":{"footnotes":""},"categories":[3],"tags":[],"class_list":["post-15360","post","type-post","status-publish","format-standard","hentry","category-alles-mogliche"],"_links":{"self":[{"href":"https:\/\/www.anthealein.de\/index.php?rest_route=\/wp\/v2\/posts\/15360","targetHints":{"allow":["GET"]}}],"collection":[{"href":"https:\/\/www.anthealein.de\/index.php?rest_route=\/wp\/v2\/posts"}],"about":[{"href":"https:\/\/www.anthealein.de\/index.php?rest_route=\/wp\/v2\/types\/post"}],"author":[{"embeddable":true,"href":"https:\/\/www.anthealein.de\/index.php?rest_route=\/wp\/v2\/users\/1"}],"replies":[{"embeddable":true,"href":"https:\/\/www.anthealein.de\/index.php?rest_route=%2Fwp%2Fv2%2Fcomments&post=15360"}],"version-history":[{"count":2,"href":"https:\/\/www.anthealein.de\/index.php?rest_route=\/wp\/v2\/posts\/15360\/revisions"}],"predecessor-version":[{"id":15362,"href":"https:\/\/www.anthealein.de\/index.php?rest_route=\/wp\/v2\/posts\/15360\/revisions\/15362"}],"wp:attachment":[{"href":"https:\/\/www.anthealein.de\/index.php?rest_route=%2Fwp%2Fv2%2Fmedia&parent=15360"}],"wp:term":[{"taxonomy":"category","embeddable":true,"href":"https:\/\/www.anthealein.de\/index.php?rest_route=%2Fwp%2Fv2%2Fcategories&post=15360"},{"taxonomy":"post_tag","embeddable":true,"href":"https:\/\/www.anthealein.de\/index.php?rest_route=%2Fwp%2Fv2%2Ftags&post=15360"}],"curies":[{"name":"wp","href":"https:\/\/api.w.org\/{rel}","templated":true}]}}