{"id":15325,"date":"2015-07-02T21:55:33","date_gmt":"2015-07-02T19:55:33","guid":{"rendered":"http:\/\/www.anthealein.de\/?p=15325"},"modified":"2015-07-02T21:55:33","modified_gmt":"2015-07-02T19:55:33","slug":"da-war-doch-noch-was-3","status":"publish","type":"post","link":"https:\/\/www.anthealein.de\/?p=15325","title":{"rendered":"Da war doch noch was?"},"content":{"rendered":"<p>&#160;<\/p>\n<p align=\"justify\">Ach ja, Blog schreiben <img decoding=\"async\" class=\"wlEmoticon wlEmoticon-openmouthedsmile\" style=\"border-top-style: none; border-bottom-style: none; border-right-style: none; border-left-style: none\" alt=\"Smiley mit ge\u00f6ffnetem Mund\" src=\"http:\/\/www.anthealein.de\/wp-content\/uploads\/2015\/07\/wlEmoticon-openmouthedsmile1.png\" \/>. Das Wetter macht mich duselig und so h\u00e4tte ich fast vergessen, das ich noch zu posten habe. Fahrrad fahren hie\u00df heute Nachmittag die Devise. Und laufen. Erst mit Lena und Fahrrad zum Ballett und sp\u00e4ter mit beiden Kindern zu Fu\u00df zu NP und \u00fcber den Bontekai in Ruhe zur\u00fcck. Morgen m\u00f6chte ich nach der Arbeit mit den Frauen von Janas GVK auf Tour, am Samstag mit Chris und den Kindern und am Sonntag mit einer lieben Freundin und deren Kindern. Ich freu mich <img decoding=\"async\" class=\"wlEmoticon wlEmoticon-openmouthedsmile\" style=\"border-top-style: none; border-bottom-style: none; border-right-style: none; border-left-style: none\" alt=\"Smiley mit ge\u00f6ffnetem Mund\" src=\"http:\/\/www.anthealein.de\/wp-content\/uploads\/2015\/07\/wlEmoticon-openmouthedsmile1.png\" \/>.<\/p>\n<p align=\"justify\">&#160;<\/p>\n<p align=\"center\"><a href=\"http:\/\/www.anthealein.de\/wp-content\/uploads\/2015\/07\/02072015.jpg\"><img loading=\"lazy\" decoding=\"async\" title=\"02072015\" style=\"border-top: 0px; border-right: 0px; background-image: none; border-bottom: 0px; padding-top: 0px; padding-left: 0px; border-left: 0px; display: inline; padding-right: 0px\" border=\"0\" alt=\"02072015\" src=\"http:\/\/www.anthealein.de\/wp-content\/uploads\/2015\/07\/02072015_thumb.jpg\" width=\"504\" height=\"504\" \/><\/a><\/p>\n<p align=\"center\">&#160;<\/p>\n<p align=\"center\"><a href=\"http:\/\/www.anthealein.de\/wp-content\/uploads\/2015\/07\/02072015II.jpg\"><img loading=\"lazy\" decoding=\"async\" title=\"02072015II\" style=\"border-top: 0px; border-right: 0px; background-image: none; border-bottom: 0px; padding-top: 0px; padding-left: 0px; border-left: 0px; display: inline; padding-right: 0px\" border=\"0\" alt=\"02072015II\" src=\"http:\/\/www.anthealein.de\/wp-content\/uploads\/2015\/07\/02072015II_thumb.jpg\" width=\"504\" height=\"504\" \/><\/a><\/p>\n<p align=\"center\">&#160;<\/p>\n<p align=\"center\"><a href=\"http:\/\/www.anthealein.de\/wp-content\/uploads\/2015\/07\/02072015III.jpg\"><img loading=\"lazy\" decoding=\"async\" title=\"02072015III\" style=\"border-top: 0px; border-right: 0px; background-image: none; border-bottom: 0px; padding-top: 0px; padding-left: 0px; border-left: 0px; display: inline; padding-right: 0px\" border=\"0\" alt=\"02072015III\" src=\"http:\/\/www.anthealein.de\/wp-content\/uploads\/2015\/07\/02072015III_thumb.jpg\" width=\"404\" height=\"504\" \/><\/a><\/p>\n","protected":false},"excerpt":{"rendered":"<p>&#160; Ach ja, Blog schreiben . Das Wetter macht mich duselig und so h\u00e4tte ich fast vergessen, das ich noch zu posten habe. Fahrrad fahren hie\u00df heute Nachmittag die Devise. Und laufen. Erst mit Lena und Fahrrad zum Ballett und sp\u00e4ter mit beiden Kindern zu Fu\u00df zu NP und \u00fcber den Bontekai in Ruhe zur\u00fcck. [&hellip;]<\/p>\n","protected":false},"author":1,"featured_media":0,"comment_status":"open","ping_status":"open","sticky":false,"template":"","format":"standard","meta":{"footnotes":""},"categories":[3],"tags":[],"class_list":["post-15325","post","type-post","status-publish","format-standard","hentry","category-alles-mogliche"],"_links":{"self":[{"href":"https:\/\/www.anthealein.de\/index.php?rest_route=\/wp\/v2\/posts\/15325","targetHints":{"allow":["GET"]}}],"collection":[{"href":"https:\/\/www.anthealein.de\/index.php?rest_route=\/wp\/v2\/posts"}],"about":[{"href":"https:\/\/www.anthealein.de\/index.php?rest_route=\/wp\/v2\/types\/post"}],"author":[{"embeddable":true,"href":"https:\/\/www.anthealein.de\/index.php?rest_route=\/wp\/v2\/users\/1"}],"replies":[{"embeddable":true,"href":"https:\/\/www.anthealein.de\/index.php?rest_route=%2Fwp%2Fv2%2Fcomments&post=15325"}],"version-history":[{"count":1,"href":"https:\/\/www.anthealein.de\/index.php?rest_route=\/wp\/v2\/posts\/15325\/revisions"}],"predecessor-version":[{"id":15326,"href":"https:\/\/www.anthealein.de\/index.php?rest_route=\/wp\/v2\/posts\/15325\/revisions\/15326"}],"wp:attachment":[{"href":"https:\/\/www.anthealein.de\/index.php?rest_route=%2Fwp%2Fv2%2Fmedia&parent=15325"}],"wp:term":[{"taxonomy":"category","embeddable":true,"href":"https:\/\/www.anthealein.de\/index.php?rest_route=%2Fwp%2Fv2%2Fcategories&post=15325"},{"taxonomy":"post_tag","embeddable":true,"href":"https:\/\/www.anthealein.de\/index.php?rest_route=%2Fwp%2Fv2%2Ftags&post=15325"}],"curies":[{"name":"wp","href":"https:\/\/api.w.org\/{rel}","templated":true}]}}