{"id":15230,"date":"2015-06-19T21:15:36","date_gmt":"2015-06-19T19:15:36","guid":{"rendered":"http:\/\/www.anthealein.de\/?p=15230"},"modified":"2015-06-19T21:17:57","modified_gmt":"2015-06-19T19:17:57","slug":"lange-lange-laaaaaaaaaaaange-zusammenfassung","status":"publish","type":"post","link":"https:\/\/www.anthealein.de\/?p=15230","title":{"rendered":"Lange, lange, laaaaaaaaaaaange Zusammenfassung &hellip;"},"content":{"rendered":"<p>&#160;<\/p>\n<p align=\"justify\">Wobei \u2026 Zusammenfassung wohl eher nicht. Eher ein Fazit, Bericht, wie auch immer.&#160; <br \/>&#8211; auch ohne Raucherecke lernt man auf der Neurologie skurrile, ganz, ganz liebe Menschen kennen. Wie z.B. die Frau mit Verdacht auf Schlaganfall, die an beginnender Demenz leidet (wie sie mir selber erz\u00e4hlte). Was zur Folge hatte, das wir ihr alle jeden Tag min. 10x erkl\u00e4ren durften, das sie nur im Krankenhaus so viele Tabletten nehmen muss, zu Hause hat sie ein Kombipr\u00e4parat. Mit einem ganz tollen, lieben Mann an ihrer Seite, der genau so gerne einen kurzen Schnack h\u00e4lt wie seine Frau. Mit ihr sa\u00df ich auch schon um 5 Uhr morgens im Flur.    <br \/>&#8211; Dottores No. 1 + 2 habe ich dieses Mal nur in der Notaufnahme zu sehen bekommen. Daf\u00fcr gab es wieder sehr, sehr nette Schwestern und Pfleger, Dottore No. 3 zum Gl\u00fcck nur bei einer Visite, Dottore No. 4 war am Ende ganz ok und am besten war das heutige Gespr\u00e4ch mit dem Oberarzt. Der mich erstens in einer Studie untergebracht hat (ich muss nur Fragen zu meiner Basistherapie beantworten und alle halbe Jahre zur Untersuchung antraben) und mir erz\u00e4hlt hat, das sie immer noch versuchen, eine MS-Ambulanz durch zu bringen. Dann h\u00e4tte ich ab Ende des Jahres eine Anlaufstelle. Bis dahin hat er mir von meiner urspr\u00fcnglichen Absicht abgeraten (Neurochirurg) und mir empfohlen, mich in Richtung Varel zu wenden. Soweit er raten darf \u2026    <br \/>&#8211; eine f\u00fcr mich v\u00f6llig neue Erfahrung: die Neuropsychologische Untersuchung. Ohne die h\u00e4tte ich heute nicht gehen d\u00fcrfen\/sollen und es machte mir Dottore No. 4 fast sympathisch, das er mich da so schnell rein brachte. Steck\u00fcbung: kein Problem. W\u00f6rter merken: schon ein wenig mehr Herausforderung, ging aber wohl. Aber eine richtig gemeine \u00dcbung: vom Band kommen Zahlen. Mit Pausen nat\u00fcrlich, aber z\u00fcgig. 9, 1. Ich musste dann 10 laut sagen. 3. Mein Auftritt: 4. Nummer 7. Ich: 10. Neben dem Rechnen muss man sich also auch immer die vorher genannte Zahl merken. Klingt leicht? Ist es nicht. Relativ einfache \u00dcbung: Tierbilder benennen. Hase, Katze, Pferd, Hase, Katze, Schaf. Ein wenig schwerer, wenn in der Katze das Wort Hase steht, aber machbar. Lustigerweise eine ganz b\u00f6se \u00dcbung: zwei Kategorien. \u201cM\u00f6bel\u201d und \u201cTiere\u201d. Und dazu bitte eine Minute lang immer im Wechsel W\u00f6rter finden. Tiere waren kein Problem, aber mir fielen au\u00dfer Tisch, Stuhl, Sofa partout keine M\u00f6bel mehr ein und ich hab W\u00f6rter wie Decke, Fenster, Wand, Teppich (???)&#160; etc. auf den Markt geworfen. Das Thema Depressionen musste die Psychologin nat\u00fcrlich ansprechen und auch Ergotherapie war ein Thema. Ihr Fazit: ich sei \u201csehr selbstreflektiert\u201d. Na denn.    <br \/>&#8211; auf den Bericht mochte ich nicht warten, den bekommt die Tage mein Hausarzt. Verblieben sind wir mit der Entscheidung, die 4 Spritzen Plegridy in meinem K\u00fchlschrank noch aufzubrauchen. Das bedeutet 2 Monate Aufschub, bis dahin sollte ich eine Neurologin\/einen Neurologen haben. Dann evtl. \u2013 falls die Nebenwirkungen immer noch so stark \u2013 Umstieg auf Tecfidera. Und falls es noch einen einzigen Schub dieses Jahr gibt: Eskalationstherapie. Wozu ich noch so gar keine Lust habe, weil ich mir die harten Waffen eigentlich f\u00fcr sp\u00e4ter aufsparen wollte. Tysabri z.B. darf max. zwei Jahre genommen werden. Danach ist das Risiko zu gro\u00df, an PML zu erkranken. Garantiert nicht heilbar, garantiert t\u00f6dlich. Und die anderen Alternativen klingen auch nicht viel appetitlicher.     <br \/>&#8211; Apropos Bericht. Ich war beim letzten Mal ja schon nicht so begeistert davon, was man da Neues \u00fcber sich erf\u00e4hrt (\u201cHe, SO krank bin ich nicht\u201d). Dieses Mal bin ich nicht nur wegen dem Neuropsychologischen Test noch weniger erpicht auf die Ergebnisse. Dottore No. 4 tauchte heute morgen mit einem Assistenzarzt auf, um meinen EDSS (im Januar 3,5) festzustellen und murmelte nach den ganzen Tests und dem Gespr\u00e4ch vor sich hin: \u201cEgal, was ich mache, ich komme nicht unter 4\u201d. Na prima. Hmpf. Und dabei kann ich eigentlich gerade dank Corti wieder besser laufen.<\/p>\n<p align=\"justify\">&#160;<\/p>\n<p align=\"center\"><a href=\"http:\/\/www.anthealein.de\/wp-content\/uploads\/2015\/06\/19062015.jpg\"><img loading=\"lazy\" decoding=\"async\" title=\"19062015\" style=\"border-top: 0px; border-right: 0px; background-image: none; border-bottom: 0px; padding-top: 0px; padding-left: 0px; border-left: 0px; display: inline; padding-right: 0px\" border=\"0\" alt=\"19062015\" src=\"http:\/\/www.anthealein.de\/wp-content\/uploads\/2015\/06\/19062015_thumb.jpg\" width=\"504\" height=\"404\" \/><\/a><\/p>\n","protected":false},"excerpt":{"rendered":"<p>&#160; Wobei \u2026 Zusammenfassung wohl eher nicht. Eher ein Fazit, Bericht, wie auch immer.&#160; &#8211; auch ohne Raucherecke lernt man auf der Neurologie skurrile, ganz, ganz liebe Menschen kennen. Wie z.B. die Frau mit Verdacht auf Schlaganfall, die an beginnender Demenz leidet (wie sie mir selber erz\u00e4hlte). Was zur Folge hatte, das wir ihr alle [&hellip;]<\/p>\n","protected":false},"author":1,"featured_media":0,"comment_status":"open","ping_status":"open","sticky":false,"template":"","format":"standard","meta":{"footnotes":""},"categories":[3],"tags":[],"class_list":["post-15230","post","type-post","status-publish","format-standard","hentry","category-alles-mogliche"],"_links":{"self":[{"href":"https:\/\/www.anthealein.de\/index.php?rest_route=\/wp\/v2\/posts\/15230","targetHints":{"allow":["GET"]}}],"collection":[{"href":"https:\/\/www.anthealein.de\/index.php?rest_route=\/wp\/v2\/posts"}],"about":[{"href":"https:\/\/www.anthealein.de\/index.php?rest_route=\/wp\/v2\/types\/post"}],"author":[{"embeddable":true,"href":"https:\/\/www.anthealein.de\/index.php?rest_route=\/wp\/v2\/users\/1"}],"replies":[{"embeddable":true,"href":"https:\/\/www.anthealein.de\/index.php?rest_route=%2Fwp%2Fv2%2Fcomments&post=15230"}],"version-history":[{"count":2,"href":"https:\/\/www.anthealein.de\/index.php?rest_route=\/wp\/v2\/posts\/15230\/revisions"}],"predecessor-version":[{"id":15232,"href":"https:\/\/www.anthealein.de\/index.php?rest_route=\/wp\/v2\/posts\/15230\/revisions\/15232"}],"wp:attachment":[{"href":"https:\/\/www.anthealein.de\/index.php?rest_route=%2Fwp%2Fv2%2Fmedia&parent=15230"}],"wp:term":[{"taxonomy":"category","embeddable":true,"href":"https:\/\/www.anthealein.de\/index.php?rest_route=%2Fwp%2Fv2%2Fcategories&post=15230"},{"taxonomy":"post_tag","embeddable":true,"href":"https:\/\/www.anthealein.de\/index.php?rest_route=%2Fwp%2Fv2%2Ftags&post=15230"}],"curies":[{"name":"wp","href":"https:\/\/api.w.org\/{rel}","templated":true}]}}