{"id":15213,"date":"2015-06-15T20:51:43","date_gmt":"2015-06-15T18:51:43","guid":{"rendered":"http:\/\/www.anthealein.de\/?p=15213"},"modified":"2015-06-15T20:53:21","modified_gmt":"2015-06-15T18:53:21","slug":"gut-3","status":"publish","type":"post","link":"https:\/\/www.anthealein.de\/?p=15213","title":{"rendered":"Gut, &hellip;"},"content":{"rendered":"<p>&#160;<\/p>\n<p align=\"justify\">\u2026 das wir mal dr\u00fcber gesprochen haben. Oder so. Der Schub hat keine Lust, sich vom Acker zu machen. Oder wie Jana heute morgen so sch\u00f6n feststellte: \u201cDu l\u00e4ufst aber wieder schlecht, Mama\u201d. Ach ne, Kind. Also bin ich heute morgen zu unserem Hausarzt und habe mir die Krankmeldung und die Einweisung ins Krankenhaus abgeholt. Auf das zwei Gramm Corti\/Tag alles besser machen <img decoding=\"async\" class=\"wlEmoticon wlEmoticon-smile\" style=\"border-top-style: none; border-bottom-style: none; border-right-style: none; border-left-style: none\" alt=\"Smiley\" src=\"http:\/\/www.anthealein.de\/wp-content\/uploads\/2015\/06\/wlEmoticon-smile4.png\" \/> . Passend dazu hat sich Chris wohl eine Kehlkopfentz\u00fcndung eingehandelt, der \u00c4rmste ist ohne Stimme unterwegs.<\/p>\n<p align=\"justify\">Und wo ich schon mal da war, bin ich auch endlich dazu gekommen nach dem R\u00f6ntgenbericht vom 11. Mai zu fragen. Im April hatte mein Arzt mir eine \u00dcberweisung zum HNO und zum R\u00f6ntgen (falls der HNO sagt, alles ist ok) mitgegeben, wegen dem immer noch anhaltenden Husten. Er las also diesen Bericht, stellte fest das alles in Ordnung sei und machte direkt eine Kehrtwendung und meinte \u201cHalt, Moment. Doch nicht alles gut, ich verschreib Ihnen was.\u201d. Prompt bekam ich heute \u2013 arg versp\u00e4tet, weshalb ich es heute auch noch nicht anfange, sondern im Krankenhaus noch mal nachfrage \u2013 Antibiotika verschrieben. Leider habe ich beim Arzt geschlafen und durfte dann im Bericht (den ich mir schlauerweise noch ausdrucken lie\u00df) nachlesen, das ich im Mai \u201cVerdichtungen\u201d in der seitlichen Aufnahme hatte, vereinbar mit \u201ceinem pneumonischen Infiltrat\u201d. Auf Deutsch: Lungenentz\u00fcndung. Und ich habe in Holland noch angesichts des starken Hustens gewitzelt, das die umherstreifenden G\u00e4nse schuld sein m\u00fcssten (laut Allergietest reagiere ich auf Daunen). Merke: niemals drauf verlassen, das die netten Herren und Damen von der Radiologie schon sagen, wenn was zu sehen ist auf den Bildern. Deshalb habe ich meinen Arzt n\u00e4mlich erst heute angesprochen.<\/p>\n<p align=\"justify\">Die n\u00e4chsten Tage also: evtl. Funkstille hier <img decoding=\"async\" class=\"wlEmoticon wlEmoticon-smile\" style=\"border-top-style: none; border-bottom-style: none; border-right-style: none; border-left-style: none\" alt=\"Smiley\" src=\"http:\/\/www.anthealein.de\/wp-content\/uploads\/2015\/06\/wlEmoticon-smile4.png\" \/> . Oder auch nicht, wenn das Corti mich wach h\u00e4lt. <\/p>\n<p align=\"justify\">&#160;<\/p>\n<p align=\"center\"><a href=\"http:\/\/www.anthealein.de\/wp-content\/uploads\/2015\/06\/15062015.jpg\"><img loading=\"lazy\" decoding=\"async\" title=\"15062015\" style=\"border-top: 0px; border-right: 0px; background-image: none; border-bottom: 0px; padding-top: 0px; padding-left: 0px; border-left: 0px; display: inline; padding-right: 0px\" border=\"0\" alt=\"15062015\" src=\"http:\/\/www.anthealein.de\/wp-content\/uploads\/2015\/06\/15062015_thumb.jpg\" width=\"404\" height=\"504\" \/><\/a>    <br \/>Den Kater w\u00fcrde ich am liebsten immer klauen. Geh\u00f6rt zur Wohnung unter der Physiotherapie.<\/p>\n","protected":false},"excerpt":{"rendered":"<p>&#160; \u2026 das wir mal dr\u00fcber gesprochen haben. Oder so. Der Schub hat keine Lust, sich vom Acker zu machen. Oder wie Jana heute morgen so sch\u00f6n feststellte: \u201cDu l\u00e4ufst aber wieder schlecht, Mama\u201d. Ach ne, Kind. Also bin ich heute morgen zu unserem Hausarzt und habe mir die Krankmeldung und die Einweisung ins Krankenhaus [&hellip;]<\/p>\n","protected":false},"author":1,"featured_media":0,"comment_status":"open","ping_status":"open","sticky":false,"template":"","format":"standard","meta":{"footnotes":""},"categories":[3],"tags":[],"class_list":["post-15213","post","type-post","status-publish","format-standard","hentry","category-alles-mogliche"],"_links":{"self":[{"href":"https:\/\/www.anthealein.de\/index.php?rest_route=\/wp\/v2\/posts\/15213","targetHints":{"allow":["GET"]}}],"collection":[{"href":"https:\/\/www.anthealein.de\/index.php?rest_route=\/wp\/v2\/posts"}],"about":[{"href":"https:\/\/www.anthealein.de\/index.php?rest_route=\/wp\/v2\/types\/post"}],"author":[{"embeddable":true,"href":"https:\/\/www.anthealein.de\/index.php?rest_route=\/wp\/v2\/users\/1"}],"replies":[{"embeddable":true,"href":"https:\/\/www.anthealein.de\/index.php?rest_route=%2Fwp%2Fv2%2Fcomments&post=15213"}],"version-history":[{"count":2,"href":"https:\/\/www.anthealein.de\/index.php?rest_route=\/wp\/v2\/posts\/15213\/revisions"}],"predecessor-version":[{"id":15215,"href":"https:\/\/www.anthealein.de\/index.php?rest_route=\/wp\/v2\/posts\/15213\/revisions\/15215"}],"wp:attachment":[{"href":"https:\/\/www.anthealein.de\/index.php?rest_route=%2Fwp%2Fv2%2Fmedia&parent=15213"}],"wp:term":[{"taxonomy":"category","embeddable":true,"href":"https:\/\/www.anthealein.de\/index.php?rest_route=%2Fwp%2Fv2%2Fcategories&post=15213"},{"taxonomy":"post_tag","embeddable":true,"href":"https:\/\/www.anthealein.de\/index.php?rest_route=%2Fwp%2Fv2%2Ftags&post=15213"}],"curies":[{"name":"wp","href":"https:\/\/api.w.org\/{rel}","templated":true}]}}