{"id":14877,"date":"2015-05-03T21:25:17","date_gmt":"2015-05-03T19:25:17","guid":{"rendered":"http:\/\/www.anthealein.de\/?p=14877"},"modified":"2015-05-03T21:25:56","modified_gmt":"2015-05-03T19:25:56","slug":"im-scherz","status":"publish","type":"post","link":"https:\/\/www.anthealein.de\/?p=14877","title":{"rendered":"Im Scherz &hellip;"},"content":{"rendered":"<p>&#160;<\/p>\n<p align=\"justify\">\u2026 habe ich letzten Sonntag \u2013 auf der Fahrt vom Krankenhaus zur\u00fcck \u2013 zu Walli gesagt, das Siggi bestimmt noch vor dem 1. Mai rausgekickt wird aus dem Krankenhaus. Und das er sie dann wahrscheinlich so nerven w\u00fcrde, das sie ihn am Wochenende wieder zur\u00fcck bringt. Das war eigentlich nur aus Spa\u00df so dahin gesagt. Aber: Mittwoch hat Chris Siggi abgeholt, gestern hat Walli Siggi in die Notaufnahme im RNK gefahren und heute durfte er dann station\u00e4r bleiben. Thrombosen im linken Bein. Soviel dazu.<\/p>\n<p align=\"justify\">F\u00fcr uns stand heute Nachmittag also ein Besuch im RNK auf dem Plan, aber vorher haben wir uns tats\u00e4chlich den Bauernmarkt und die offene Marktstra\u00dfe geg\u00f6nnt.<\/p>\n<p align=\"justify\">&#160;<\/p>\n<p align=\"center\"><a href=\"http:\/\/www.anthealein.de\/wp-content\/uploads\/2015\/05\/03052015II.jpg\"><img loading=\"lazy\" decoding=\"async\" title=\"03052015II\" style=\"border-top: 0px; border-right: 0px; background-image: none; border-bottom: 0px; padding-top: 0px; padding-left: 0px; margin: 0px; border-left: 0px; display: inline; padding-right: 0px\" border=\"0\" alt=\"03052015II\" src=\"http:\/\/www.anthealein.de\/wp-content\/uploads\/2015\/05\/03052015II_thumb.jpg\" width=\"504\" height=\"504\" \/><\/a><\/p>\n<p align=\"center\">&#160;<\/p>\n<p align=\"center\"><a href=\"http:\/\/www.anthealein.de\/wp-content\/uploads\/2015\/05\/03052015.jpg\"><img loading=\"lazy\" decoding=\"async\" title=\"03052015\" style=\"border-top: 0px; border-right: 0px; background-image: none; border-bottom: 0px; padding-top: 0px; padding-left: 0px; border-left: 0px; display: inline; padding-right: 0px\" border=\"0\" alt=\"03052015\" src=\"http:\/\/www.anthealein.de\/wp-content\/uploads\/2015\/05\/03052015_thumb.jpg\" width=\"504\" height=\"504\" \/><\/a><\/p>\n","protected":false},"excerpt":{"rendered":"<p>&#160; \u2026 habe ich letzten Sonntag \u2013 auf der Fahrt vom Krankenhaus zur\u00fcck \u2013 zu Walli gesagt, das Siggi bestimmt noch vor dem 1. Mai rausgekickt wird aus dem Krankenhaus. Und das er sie dann wahrscheinlich so nerven w\u00fcrde, das sie ihn am Wochenende wieder zur\u00fcck bringt. Das war eigentlich nur aus Spa\u00df so dahin [&hellip;]<\/p>\n","protected":false},"author":1,"featured_media":0,"comment_status":"open","ping_status":"open","sticky":false,"template":"","format":"standard","meta":{"footnotes":""},"categories":[3],"tags":[],"class_list":["post-14877","post","type-post","status-publish","format-standard","hentry","category-alles-mogliche"],"_links":{"self":[{"href":"https:\/\/www.anthealein.de\/index.php?rest_route=\/wp\/v2\/posts\/14877","targetHints":{"allow":["GET"]}}],"collection":[{"href":"https:\/\/www.anthealein.de\/index.php?rest_route=\/wp\/v2\/posts"}],"about":[{"href":"https:\/\/www.anthealein.de\/index.php?rest_route=\/wp\/v2\/types\/post"}],"author":[{"embeddable":true,"href":"https:\/\/www.anthealein.de\/index.php?rest_route=\/wp\/v2\/users\/1"}],"replies":[{"embeddable":true,"href":"https:\/\/www.anthealein.de\/index.php?rest_route=%2Fwp%2Fv2%2Fcomments&post=14877"}],"version-history":[{"count":2,"href":"https:\/\/www.anthealein.de\/index.php?rest_route=\/wp\/v2\/posts\/14877\/revisions"}],"predecessor-version":[{"id":14879,"href":"https:\/\/www.anthealein.de\/index.php?rest_route=\/wp\/v2\/posts\/14877\/revisions\/14879"}],"wp:attachment":[{"href":"https:\/\/www.anthealein.de\/index.php?rest_route=%2Fwp%2Fv2%2Fmedia&parent=14877"}],"wp:term":[{"taxonomy":"category","embeddable":true,"href":"https:\/\/www.anthealein.de\/index.php?rest_route=%2Fwp%2Fv2%2Fcategories&post=14877"},{"taxonomy":"post_tag","embeddable":true,"href":"https:\/\/www.anthealein.de\/index.php?rest_route=%2Fwp%2Fv2%2Ftags&post=14877"}],"curies":[{"name":"wp","href":"https:\/\/api.w.org\/{rel}","templated":true}]}}