{"id":14595,"date":"2015-03-29T20:41:13","date_gmt":"2015-03-29T18:41:13","guid":{"rendered":"http:\/\/www.anthealein.de\/?p=14595"},"modified":"2015-03-29T20:41:13","modified_gmt":"2015-03-29T18:41:13","slug":"die-anzahl","status":"publish","type":"post","link":"https:\/\/www.anthealein.de\/?p=14595","title":{"rendered":"Die Anzahl &hellip;"},"content":{"rendered":"<p>&#160;<\/p>\n<p align=\"justify\">\u2026 der von Missempfindungen geplagten K\u00f6rperteile steigt, mein Gewicht f\u00e4llt hingegen mal wieder. Was \u2013 wie mir letztens aufgefallen ist \u2013 bei mir ein Anzeichen daf\u00fcr ist, das die MS arbeitet. Habe ich vorher nie in Zusammenhang gebracht, ich habe immer nur verk\u00fcndet, das ich vom Kortison abnehme. Aber die letzten Male fiel mir auf, das ich nicht MIT dem Kortison abnehme, sondern VOR dem Kortison. Mit dem Kortison kam ich die letzten Male wieder ein wenig rauf. Freitag betrug meine Kalorienaufnahme locker (mit den Karamell-Waffeln, der Tafel Nussschokolade, der t\u00fcrkischen Pizza, dem Chickenburger, dem gebackenen Schafsk\u00e4se und den zig anderen Nahrungsmitteln) 3500 Kalorien und auch gestern und heute habe ich ann\u00e4hernd so viel gegessen und trotzdem knurrt mein Magen und die Waage zeigt sinkende Zahlen an. Der Schub nimmt Fahrt auf, mal sehen ob ich ohne Kortison durch komme. Wenn mir \u00fcberhaupt die Wahl bleibt, irgendwann die Tage hat meine Neurologin Urlaub. Und nachdem ich letztes Mal das Kortison ja wieder gut vertragen habe (bis auf die Zuckerwerte), m\u00f6chte ich die n\u00e4chste Runde dann erneut ambulant machen lassen. <\/p>\n<p align=\"justify\">Morgen kommen die Maler, um die Wassersch\u00e4den im Schlafzimmer, in Lenas Zimmer und in der K\u00fcche zu beseitigen. Da wir daf\u00fcr eh das Bett beiseite ziehen mussten, machen Chris und ich direkt weiter. Laminat soll ins Schlafzimmer und ein Smaragdgr\u00fcn an die eine Wand. Daf\u00fcr hat Chris heute mit seinen Eltern das Schlafzimmer ausger\u00e4umt, wobei ich vorher schon meine Seite des Kleiderschranks gemacht hatte. 3 blaue S\u00e4cke voll habe ich ausgemistet <img decoding=\"async\" class=\"wlEmoticon wlEmoticon-openmouthedsmile\" style=\"border-top-style: none; border-bottom-style: none; border-right-style: none; border-left-style: none\" alt=\"Smiley mit ge\u00f6ffnetem Mund\" src=\"http:\/\/www.anthealein.de\/wp-content\/uploads\/2015\/03\/wlEmoticon-openmouthedsmile3.png\" \/>. Ich habe f\u00fcr das leibliche Wohl gesorgt und jetzt haben wir ein leeres Schlaf- und ein proppenvolles Spielzimmer. <\/p>\n<p align=\"justify\">&#160;<\/p>\n<p align=\"center\"><a href=\"http:\/\/www.anthealein.de\/wp-content\/uploads\/2015\/03\/29032015.jpg\"><img loading=\"lazy\" decoding=\"async\" title=\"29032015\" style=\"border-top: 0px; border-right: 0px; background-image: none; border-bottom: 0px; padding-top: 0px; padding-left: 0px; border-left: 0px; display: inline; padding-right: 0px\" border=\"0\" alt=\"29032015\" src=\"http:\/\/www.anthealein.de\/wp-content\/uploads\/2015\/03\/29032015_thumb.jpg\" width=\"504\" height=\"504\" \/><\/a><\/p>\n","protected":false},"excerpt":{"rendered":"<p>&#160; \u2026 der von Missempfindungen geplagten K\u00f6rperteile steigt, mein Gewicht f\u00e4llt hingegen mal wieder. Was \u2013 wie mir letztens aufgefallen ist \u2013 bei mir ein Anzeichen daf\u00fcr ist, das die MS arbeitet. Habe ich vorher nie in Zusammenhang gebracht, ich habe immer nur verk\u00fcndet, das ich vom Kortison abnehme. Aber die letzten Male fiel mir [&hellip;]<\/p>\n","protected":false},"author":1,"featured_media":0,"comment_status":"open","ping_status":"open","sticky":false,"template":"","format":"standard","meta":{"footnotes":""},"categories":[3],"tags":[],"class_list":["post-14595","post","type-post","status-publish","format-standard","hentry","category-alles-mogliche"],"_links":{"self":[{"href":"https:\/\/www.anthealein.de\/index.php?rest_route=\/wp\/v2\/posts\/14595","targetHints":{"allow":["GET"]}}],"collection":[{"href":"https:\/\/www.anthealein.de\/index.php?rest_route=\/wp\/v2\/posts"}],"about":[{"href":"https:\/\/www.anthealein.de\/index.php?rest_route=\/wp\/v2\/types\/post"}],"author":[{"embeddable":true,"href":"https:\/\/www.anthealein.de\/index.php?rest_route=\/wp\/v2\/users\/1"}],"replies":[{"embeddable":true,"href":"https:\/\/www.anthealein.de\/index.php?rest_route=%2Fwp%2Fv2%2Fcomments&post=14595"}],"version-history":[{"count":1,"href":"https:\/\/www.anthealein.de\/index.php?rest_route=\/wp\/v2\/posts\/14595\/revisions"}],"predecessor-version":[{"id":14596,"href":"https:\/\/www.anthealein.de\/index.php?rest_route=\/wp\/v2\/posts\/14595\/revisions\/14596"}],"wp:attachment":[{"href":"https:\/\/www.anthealein.de\/index.php?rest_route=%2Fwp%2Fv2%2Fmedia&parent=14595"}],"wp:term":[{"taxonomy":"category","embeddable":true,"href":"https:\/\/www.anthealein.de\/index.php?rest_route=%2Fwp%2Fv2%2Fcategories&post=14595"},{"taxonomy":"post_tag","embeddable":true,"href":"https:\/\/www.anthealein.de\/index.php?rest_route=%2Fwp%2Fv2%2Ftags&post=14595"}],"curies":[{"name":"wp","href":"https:\/\/api.w.org\/{rel}","templated":true}]}}