{"id":14505,"date":"2015-03-16T22:35:54","date_gmt":"2015-03-16T20:35:54","guid":{"rendered":"http:\/\/www.anthealein.de\/?p=14505"},"modified":"2015-03-16T22:35:54","modified_gmt":"2015-03-16T20:35:54","slug":"fremdsprache-oder-nicht","status":"publish","type":"post","link":"https:\/\/www.anthealein.de\/?p=14505","title":{"rendered":"Fremdsprache oder nicht &hellip;"},"content":{"rendered":"<p>&#160;<\/p>\n<p align=\"justify\">Das war heute die Frage des Elternabends. Spanisch k\u00f6nnte Jana auch noch in Jahrgang 9 oder sogar noch sp\u00e4ter beginnen. Aber Franz\u00f6sisch m\u00fcsste sie \u2013 so sie es denn lernen will \u2013 im n\u00e4chsten Schuljahr anfangen. Das werden wir die n\u00e4chsten Tage noch besprechen m\u00fcssen. Ob sie will und so. Nach dem allgemeinen Teil im Forum der SEK I ging es mit den Eltern der 5.3 und der 5.4 (unserer Klasse) ins SEK II-Geb\u00e4ude, um \u00fcber die gemeinsame Klassenfahrt zu sprechen (50 Euro g\u00fcnstiger, als noch vor Monaten angek\u00fcndigt *freu*) und so durfte ich mal wieder in meinem ehemaligen Englisch-LK-Raum sitzen. Und eine kleine Maus durchs Foyer rennen sehen. Fangen lie\u00df sie sich leider nicht.<\/p>\n<p align=\"justify\">Lena: \u201cAu\u00dfen bin ich klein, aber innen drin bin ich riesengro\u00df!!!\u201d :herz:   <br \/>Ich (aus der Reihe unm\u00f6glich klingende S\u00e4tze): \u201cLena, da unten liegt ein Sargdeckel. Heb den bitte auf!\u201d<\/p>\n<p align=\"justify\">&#160;<\/p>\n<p align=\"center\"><a href=\"http:\/\/www.anthealein.de\/wp-content\/uploads\/2015\/03\/16032015.jpg\"><img loading=\"lazy\" decoding=\"async\" title=\"16032015\" style=\"border-top: 0px; border-right: 0px; background-image: none; border-bottom: 0px; padding-top: 0px; padding-left: 0px; border-left: 0px; display: inline; padding-right: 0px\" border=\"0\" alt=\"16032015\" src=\"http:\/\/www.anthealein.de\/wp-content\/uploads\/2015\/03\/16032015_thumb.jpg\" width=\"504\" height=\"504\" \/><\/a><\/p>\n<p align=\"center\">&#160;<\/p>\n<p align=\"center\"><a href=\"http:\/\/www.anthealein.de\/wp-content\/uploads\/2015\/03\/16032015II.jpg\"><img loading=\"lazy\" decoding=\"async\" title=\"16032015II\" style=\"border-top: 0px; border-right: 0px; background-image: none; border-bottom: 0px; padding-top: 0px; padding-left: 0px; border-left: 0px; display: inline; padding-right: 0px\" border=\"0\" alt=\"16032015II\" src=\"http:\/\/www.anthealein.de\/wp-content\/uploads\/2015\/03\/16032015II_thumb.jpg\" width=\"504\" height=\"504\" \/><\/a><\/p>\n<p align=\"center\">&#160;<\/p>\n<p align=\"center\"><a href=\"http:\/\/www.anthealein.de\/wp-content\/uploads\/2015\/03\/16032015III.jpg\"><img loading=\"lazy\" decoding=\"async\" title=\"16032015III\" style=\"border-top: 0px; border-right: 0px; background-image: none; border-bottom: 0px; padding-top: 0px; padding-left: 0px; border-left: 0px; display: inline; padding-right: 0px\" border=\"0\" alt=\"16032015III\" src=\"http:\/\/www.anthealein.de\/wp-content\/uploads\/2015\/03\/16032015III_thumb.jpg\" width=\"504\" height=\"504\" \/><\/a><\/p>\n","protected":false},"excerpt":{"rendered":"<p>&#160; Das war heute die Frage des Elternabends. Spanisch k\u00f6nnte Jana auch noch in Jahrgang 9 oder sogar noch sp\u00e4ter beginnen. Aber Franz\u00f6sisch m\u00fcsste sie \u2013 so sie es denn lernen will \u2013 im n\u00e4chsten Schuljahr anfangen. Das werden wir die n\u00e4chsten Tage noch besprechen m\u00fcssen. Ob sie will und so. Nach dem allgemeinen Teil [&hellip;]<\/p>\n","protected":false},"author":1,"featured_media":0,"comment_status":"open","ping_status":"open","sticky":false,"template":"","format":"standard","meta":{"footnotes":""},"categories":[3],"tags":[],"class_list":["post-14505","post","type-post","status-publish","format-standard","hentry","category-alles-mogliche"],"_links":{"self":[{"href":"https:\/\/www.anthealein.de\/index.php?rest_route=\/wp\/v2\/posts\/14505","targetHints":{"allow":["GET"]}}],"collection":[{"href":"https:\/\/www.anthealein.de\/index.php?rest_route=\/wp\/v2\/posts"}],"about":[{"href":"https:\/\/www.anthealein.de\/index.php?rest_route=\/wp\/v2\/types\/post"}],"author":[{"embeddable":true,"href":"https:\/\/www.anthealein.de\/index.php?rest_route=\/wp\/v2\/users\/1"}],"replies":[{"embeddable":true,"href":"https:\/\/www.anthealein.de\/index.php?rest_route=%2Fwp%2Fv2%2Fcomments&post=14505"}],"version-history":[{"count":1,"href":"https:\/\/www.anthealein.de\/index.php?rest_route=\/wp\/v2\/posts\/14505\/revisions"}],"predecessor-version":[{"id":14506,"href":"https:\/\/www.anthealein.de\/index.php?rest_route=\/wp\/v2\/posts\/14505\/revisions\/14506"}],"wp:attachment":[{"href":"https:\/\/www.anthealein.de\/index.php?rest_route=%2Fwp%2Fv2%2Fmedia&parent=14505"}],"wp:term":[{"taxonomy":"category","embeddable":true,"href":"https:\/\/www.anthealein.de\/index.php?rest_route=%2Fwp%2Fv2%2Fcategories&post=14505"},{"taxonomy":"post_tag","embeddable":true,"href":"https:\/\/www.anthealein.de\/index.php?rest_route=%2Fwp%2Fv2%2Ftags&post=14505"}],"curies":[{"name":"wp","href":"https:\/\/api.w.org\/{rel}","templated":true}]}}