{"id":14362,"date":"2015-02-22T22:14:09","date_gmt":"2015-02-22T20:14:09","guid":{"rendered":"http:\/\/www.anthealein.de\/?p=14362"},"modified":"2015-02-23T10:26:39","modified_gmt":"2015-02-23T08:26:39","slug":"es-war-einmal","status":"publish","type":"post","link":"https:\/\/www.anthealein.de\/?p=14362","title":{"rendered":"Es war einmal &hellip;"},"content":{"rendered":"<p>&#160;<\/p>\n<p align=\"justify\">\u2026 eine 5. Klasse. Frisch zusammen gew\u00fcrfelt aus Kindern von allen m\u00f6glichen Grundschulen. Von der einen Grundschule landeten jedoch gleich f\u00fcnf M\u00e4dchen zusammen in einer Klasse. Eine davon (G.) hatte schon in der Grundschule das Zepter an sich gerissen und dort auch gelegentlich mal b\u00f6se Spr\u00fcche in Richtung der anderen (da besonders K. <img decoding=\"async\" class=\"wlEmoticon wlEmoticon-winkingsmile\" style=\"border-top-style: none; border-bottom-style: none; border-right-style: none; border-left-style: none\" alt=\"Zwinkerndes Smiley\" src=\"http:\/\/www.anthealein.de\/wp-content\/uploads\/2015\/02\/wlEmoticon-winkingsmile.png\" \/> ) abgelassen. \u201cTT \u2026 T\u00f6nnchentreffen\u201d, war da noch relativ harmlos. <\/p>\n<p align=\"justify\">In der neuen Klasse dauerte es nicht lange und G. hatte wieder alle auf ihrer Seite\/unter sich. Und dann wagte es A. und kam G. in die Quere. Innerhalb von ein paar Tagen schaffte es G., die ganze Klasse gegen A. aufzuwiegeln und verh\u00e4ngte das \u201cVerbot\u201d, mit A. zu sprechen. Nicht mit Drohungen oder \u00e4hnlichem. Mit s\u00fc\u00dfen, sanften Worten. Mit Gel\u00e4ster und vorget\u00e4uschtem Bedauern, wie leid es ihr doch t\u00e4te das A. \u00fcber XYZ das und das gesagt h\u00e4tte. Wie gemein das doch von A. w\u00e4re. Wie genau sie alle aufbrachte, wusste hinterher keiner mehr so genau. Aber die ganze Klasse stand zusammen gegen A. schlussendlich.<\/p>\n<p align=\"justify\">K. wurde schlie\u00dflich als Agentin bestimmt. Sie sollte so tun, als w\u00fcrde sie A. m\u00f6gen und ihr helfen wollen. Das Problem an der Sache: K. mochte A. eigentlich wirklich (man kannte sich ja noch nicht lange). A. tat ihr leid und das ganze b\u00f6se Spiel machte ihr Bauchschmerzen. Also wurde K. zur \u201cDoppelagentin\u201d und erz\u00e4hlte A. alles und \u00fcberhaupt. <\/p>\n<p align=\"justify\">Ein paar Tage sp\u00e4ter verlie\u00df A. die Schule und kam nie wieder. Es gab Gespr\u00e4che mit den Lehrern (Mobbing und co.) und der A\u2026 der Klasse war f\u00fcr lange, lange Zeit K., weil heraus kam das sie doch auf A.s Seite gewesen war. Das n\u00e4chste halbe Jahr war nicht sch\u00f6n f\u00fcr K.\u2026 <\/p>\n<p align=\"justify\">Jahre sp\u00e4ter trafen sich K. und A. durch Zufall wieder und K. erfuhr, was in der 5. Klasse damals wirklich mit A. passiert war. Was die ganze Klasse nicht wusste, was G. aber auch nicht an ihrem Tun gehindert h\u00e4tte: A. hatte einen angeborenen Herzfehler. Und dank dem Mobbing durfte sie eine lange Zeit im Krankenhaus verbringen, bevor sie auf eine andere Schule gehen konnte.<\/p>\n<p align=\"justify\">K. lernte daraus: Mobbing (oder wie auch immer man es nennen will) l\u00e4uft nicht immer offen ab. Schlimmer als die Personen, die einem direkt ins Gesicht sagen das sie einen doof\/dick\/was auch immer finden, sind die Personen, die lieb und nett nach vorne sind und l\u00e4stern, sobald man den Raum verlassen hat. Und dann auch noch ernsthaft glauben, das man nicht \u00fcber 5 Ecken doch davon erf\u00e4hrt. Vielleicht nicht unbedingt, WAS geredet wird. Aber DAS geredet wird. G. war daf\u00fcr das perfekte Beispiel. Sie war immer nett zu K. und schrieb ihre B\u00f6sartigkeiten dann lieber an die Klowand. Und K. lernte daraus: egal wie man es macht, man macht es falsch. Egal auf welche Seite man sich schl\u00e4gt oder ob man sich raush\u00e4lt: irgend jemanden wird man immer verletzen <img decoding=\"async\" class=\"wlEmoticon wlEmoticon-sadsmile\" style=\"border-top-style: none; border-bottom-style: none; border-right-style: none; border-left-style: none\" alt=\"Trauriges Smiley\" src=\"http:\/\/www.anthealein.de\/wp-content\/uploads\/2015\/02\/wlEmoticon-sadsmile.png\" \/>. Entweder durchs Handeln oder durchs Nichthandeln. Man sollte eigentlich annehmen, das erwachsene Menschen besser mit solchen Situationen umgehen k\u00f6nnen. Weit gefehlt.<\/p>\n<p align=\"justify\">&#160;<\/p>\n<p align=\"justify\">Vorgestern fing ich an zu fiebern, gestern habe ich trotzdem \u2013 wenn auch verk\u00fcrzt \u2013 gearbeitet und mich gespritzt und heute ging es auch wieder, aber ich vermute irgendwas in Richtung Blasen-\/Nierenbeckenentz\u00fcndung wegen der sonstigen Beschwerden. Mal abwarten, wie es bis morgen fr\u00fch aussieht, ich bin ja praktisch gedopt mit Ibuprofen. Trotzdem konnten wir heute mit dem Fahrrad zum Flohmarkt und zum Ententeich fahren und ich durfte feststellen: mit dem Fahrrad kann ich zwar l\u00e4ngere Wege bew\u00e4ltigen, aber meine Beine sind hinterher genau so schwach. Was&#160; f\u00fcr mich ein Grund ist, mir am Mittwoch eine Verordnung von meiner Neurologin (oder vorher schon von meinem Hausarzt, falls das andere nicht besser wird) zu holen f\u00fcr meinen ersten Rollstuhl. Ich will schlie\u00dflich im Sommer mit den Kindern viel raus und diese Leihrollst\u00fchle bei Ikea und im Zoo etc. sind viel zu gro\u00df f\u00fcr mich, da hole ich mir Blasen an den H\u00e4nden.<\/p>\n<p align=\"justify\">&#160;<\/p>\n<p align=\"center\"><a href=\"http:\/\/www.anthealein.de\/wp-content\/uploads\/2015\/02\/22022015.jpg\"><img loading=\"lazy\" decoding=\"async\" title=\"22022015\" style=\"border-left-width: 0px; border-right-width: 0px; background-image: none; border-bottom-width: 0px; padding-top: 0px; padding-left: 0px; display: inline; padding-right: 0px; border-top-width: 0px\" border=\"0\" alt=\"22022015\" src=\"http:\/\/www.anthealein.de\/wp-content\/uploads\/2015\/02\/22022015_thumb.jpg\" width=\"504\" height=\"504\" \/><\/a><\/p>\n<p align=\"center\">&#160;<\/p>\n<p align=\"center\"><a href=\"http:\/\/www.anthealein.de\/wp-content\/uploads\/2015\/02\/22022015II.jpg\"><img loading=\"lazy\" decoding=\"async\" title=\"22022015II\" style=\"border-left-width: 0px; border-right-width: 0px; background-image: none; border-bottom-width: 0px; padding-top: 0px; padding-left: 0px; display: inline; padding-right: 0px; border-top-width: 0px\" border=\"0\" alt=\"22022015II\" src=\"http:\/\/www.anthealein.de\/wp-content\/uploads\/2015\/02\/22022015II_thumb.jpg\" width=\"504\" height=\"504\" \/><\/a><\/p>\n","protected":false},"excerpt":{"rendered":"<p>&#160; \u2026 eine 5. Klasse. Frisch zusammen gew\u00fcrfelt aus Kindern von allen m\u00f6glichen Grundschulen. Von der einen Grundschule landeten jedoch gleich f\u00fcnf M\u00e4dchen zusammen in einer Klasse. Eine davon (G.) hatte schon in der Grundschule das Zepter an sich gerissen und dort auch gelegentlich mal b\u00f6se Spr\u00fcche in Richtung der anderen (da besonders K. ) [&hellip;]<\/p>\n","protected":false},"author":1,"featured_media":0,"comment_status":"open","ping_status":"open","sticky":false,"template":"","format":"standard","meta":{"footnotes":""},"categories":[3],"tags":[],"class_list":["post-14362","post","type-post","status-publish","format-standard","hentry","category-alles-mogliche"],"_links":{"self":[{"href":"https:\/\/www.anthealein.de\/index.php?rest_route=\/wp\/v2\/posts\/14362","targetHints":{"allow":["GET"]}}],"collection":[{"href":"https:\/\/www.anthealein.de\/index.php?rest_route=\/wp\/v2\/posts"}],"about":[{"href":"https:\/\/www.anthealein.de\/index.php?rest_route=\/wp\/v2\/types\/post"}],"author":[{"embeddable":true,"href":"https:\/\/www.anthealein.de\/index.php?rest_route=\/wp\/v2\/users\/1"}],"replies":[{"embeddable":true,"href":"https:\/\/www.anthealein.de\/index.php?rest_route=%2Fwp%2Fv2%2Fcomments&post=14362"}],"version-history":[{"count":4,"href":"https:\/\/www.anthealein.de\/index.php?rest_route=\/wp\/v2\/posts\/14362\/revisions"}],"predecessor-version":[{"id":14366,"href":"https:\/\/www.anthealein.de\/index.php?rest_route=\/wp\/v2\/posts\/14362\/revisions\/14366"}],"wp:attachment":[{"href":"https:\/\/www.anthealein.de\/index.php?rest_route=%2Fwp%2Fv2%2Fmedia&parent=14362"}],"wp:term":[{"taxonomy":"category","embeddable":true,"href":"https:\/\/www.anthealein.de\/index.php?rest_route=%2Fwp%2Fv2%2Fcategories&post=14362"},{"taxonomy":"post_tag","embeddable":true,"href":"https:\/\/www.anthealein.de\/index.php?rest_route=%2Fwp%2Fv2%2Ftags&post=14362"}],"curies":[{"name":"wp","href":"https:\/\/api.w.org\/{rel}","templated":true}]}}