{"id":14248,"date":"2015-02-03T22:08:59","date_gmt":"2015-02-03T20:08:59","guid":{"rendered":"http:\/\/www.anthealein.de\/?p=14248"},"modified":"2015-02-03T22:21:23","modified_gmt":"2015-02-03T20:21:23","slug":"vor-11-jahren","status":"publish","type":"post","link":"https:\/\/www.anthealein.de\/?p=14248","title":{"rendered":"Vor 11 Jahren &hellip;"},"content":{"rendered":"<p align=\"justify\">&#160;<\/p>\n<p align=\"justify\">\u2026 lag ich um diese Zeit schon fast friedlich schlummernd dank PDA nach der Anstrengung vom Wehensturm die Stunde vorher v\u00f6llig ersch\u00f6pft. Und um 3.25 Uhr war sie dann schon da, das gro\u00dfe Kind :herz: . Heute kr\u00e4nkelten beide ein wenig mit Husten und Schnupfen, aber Jana bestand trotzdem drauf zum Ballett zu gehen. Da sie in ihrer Gruppe heute die Einzige war, durfte Chris sie eine Stunde sp\u00e4ter noch einmal vorbei bringen, um mit den gro\u00dfen M\u00e4dchen zusammen Unterricht zu haben. Morgen hat sie regul\u00e4r Unterricht (mag auch nicht drauf verzichten trotz Geburtstag) und Donnerstag hat sie nach Lena Unterricht mit dem Grad \u00fcber ihrem, weil letzte Woche der Unterricht am Mittwoch ausfiel. H\u00e4tte ich vorher gewusst, das ihr Ballett wirklich so liegt, h\u00e4tte ich sie schon Jahre vorher angemeldet. <\/p>\n<p align=\"justify\">&#160;<\/p>\n<p align=\"justify\">Bei mir wird es. Ich reduziere gerade die Schmerzmittel, meine Beine brennen auch nicht mehr. Taub&#160; und kribbelig sind sie, die Spastik bereitet mir auch noch Schmerzen, aber dieses f\u00fcrchterliche Brennen ist endlich (auf Holz klopf) durch. Daf\u00fcr ging Laufen heute ein wenig schlechter und irgend jemand hat mir permanent unsichtbare Teppichkanten als Stolperfalle vor den rechten Fu\u00df gelegt und diese bl\u00f6de bleierne M\u00fcdigkeit war heute auch wieder da. Aber da gehe ich einfach mal von \u201cTagesform\u201d aus und hoffe auf Besserung morgen.<\/p>\n<p align=\"justify\">&#160;<\/p>\n<p align=\"center\"><a href=\"http:\/\/www.anthealein.de\/wp-content\/uploads\/2015\/02\/03022015.jpg\"><img loading=\"lazy\" decoding=\"async\" title=\"03022015\" style=\"border-left-width: 0px; border-right-width: 0px; background-image: none; border-bottom-width: 0px; padding-top: 0px; padding-left: 0px; display: inline; padding-right: 0px; border-top-width: 0px\" border=\"0\" alt=\"03022015\" src=\"http:\/\/www.anthealein.de\/wp-content\/uploads\/2015\/02\/03022015_thumb.jpg\" width=\"504\" height=\"504\" \/><\/a><\/p>\n","protected":false},"excerpt":{"rendered":"<p>&#160; \u2026 lag ich um diese Zeit schon fast friedlich schlummernd dank PDA nach der Anstrengung vom Wehensturm die Stunde vorher v\u00f6llig ersch\u00f6pft. Und um 3.25 Uhr war sie dann schon da, das gro\u00dfe Kind :herz: . Heute kr\u00e4nkelten beide ein wenig mit Husten und Schnupfen, aber Jana bestand trotzdem drauf zum Ballett zu gehen. [&hellip;]<\/p>\n","protected":false},"author":1,"featured_media":0,"comment_status":"open","ping_status":"open","sticky":false,"template":"","format":"standard","meta":{"footnotes":""},"categories":[3],"tags":[],"class_list":["post-14248","post","type-post","status-publish","format-standard","hentry","category-alles-mogliche"],"_links":{"self":[{"href":"https:\/\/www.anthealein.de\/index.php?rest_route=\/wp\/v2\/posts\/14248","targetHints":{"allow":["GET"]}}],"collection":[{"href":"https:\/\/www.anthealein.de\/index.php?rest_route=\/wp\/v2\/posts"}],"about":[{"href":"https:\/\/www.anthealein.de\/index.php?rest_route=\/wp\/v2\/types\/post"}],"author":[{"embeddable":true,"href":"https:\/\/www.anthealein.de\/index.php?rest_route=\/wp\/v2\/users\/1"}],"replies":[{"embeddable":true,"href":"https:\/\/www.anthealein.de\/index.php?rest_route=%2Fwp%2Fv2%2Fcomments&post=14248"}],"version-history":[{"count":2,"href":"https:\/\/www.anthealein.de\/index.php?rest_route=\/wp\/v2\/posts\/14248\/revisions"}],"predecessor-version":[{"id":14250,"href":"https:\/\/www.anthealein.de\/index.php?rest_route=\/wp\/v2\/posts\/14248\/revisions\/14250"}],"wp:attachment":[{"href":"https:\/\/www.anthealein.de\/index.php?rest_route=%2Fwp%2Fv2%2Fmedia&parent=14248"}],"wp:term":[{"taxonomy":"category","embeddable":true,"href":"https:\/\/www.anthealein.de\/index.php?rest_route=%2Fwp%2Fv2%2Fcategories&post=14248"},{"taxonomy":"post_tag","embeddable":true,"href":"https:\/\/www.anthealein.de\/index.php?rest_route=%2Fwp%2Fv2%2Ftags&post=14248"}],"curies":[{"name":"wp","href":"https:\/\/api.w.org\/{rel}","templated":true}]}}