{"id":14108,"date":"2015-01-13T22:25:53","date_gmt":"2015-01-13T20:25:53","guid":{"rendered":"http:\/\/www.anthealein.de\/?p=14108"},"modified":"2015-01-13T23:10:54","modified_gmt":"2015-01-13T21:10:54","slug":"die-lunge","status":"publish","type":"post","link":"https:\/\/www.anthealein.de\/?p=14108","title":{"rendered":"Die Lunge &hellip;"},"content":{"rendered":"<p>&#160;<\/p>\n<p align=\"justify\">\u2026 sollte jetzt so langsam Ruhe geben. Abhorchen war in Ordnung, R\u00f6ntgen war auch in Ordnung. Mein Hausarzt ist immer noch der Meinung, das die MS hier gerade verr\u00fcckt spielt und hat mir heute gesagt, das ich n\u00e4chste Woche wieder kommen soll, wenn es nicht besser wird. <\/p>\n<p align=\"justify\">Auf dem R\u00fcckweg schien meine \u201cGrunderkrankung\u201d (wie er es so sch\u00f6n nannte letzte Woche) ihm Recht geben zu wollen. Schon seit Samstag dreht die Spastik auf und als ich heute morgen wieder zu Hause war, habe ich doch lieber mal bei meiner Neurologin angerufen, weil mein Fu\u00df heute morgen verr\u00fcckt spielte. Neben der Schulter und meiner Pomuskulatur (da tun Kr\u00e4mpfe auch so \u00fcberhaupt nicht weh *motz*). Meine Neurologin wiederum ist der Meinung, das die Bronchitis jetzt einen \u201cPseudoschub\u201d (Uhthoff) ausgel\u00f6st hat. Cortison (richtig, intraven\u00f6s und in hoher Dosis) w\u00fcrde mein Immunsystem erst recht jetzt flach legen und mich komplett aus den Socken hauen. Ich w\u00fcrde halt noch min. 4 Wochen brauchen, um wieder richtig auf die Beine zu kommen shock . \u00c4h. N\u00f6. Will ich nicht, geht mir schon viel zu lange, der Mist. Ach ja und was die Spastik angeht: Baclofen erh\u00f6hen. OK. Ich bin ja mutig und vertrage das Zeug zu gut (weshalb es wahrscheinlich auch nicht wirkt), aber im Beipackzettel steht (grob): \u201cDie Tagesh\u00f6chstdosis betr\u00e4gt 75 mg; nur in seltenen F\u00e4llen &#8211; in der Regel im Krankenhaus &#8211; sind Tagesdosen von 90 bis 120 Milligramm erforderlich.\u201d. Ich habe heute also mal 100 mg genommen, auch wenn ich gerade nicht im Krankenhaus liege.&#160; Wieder kommen soll ich aber trotzdem wenn es schlimmer wird mit den Beschwerden, dann m\u00fcssten wir evtl. doch noch mit Cortison ran. <\/p>\n<p align=\"justify\">Noch bin ich mir nicht einig. Mittlerweile ist mein Unterk\u00f6rper mal wieder in eine warme, nasse, viel zu enge Wollstrumpfhose gestopft (nat\u00fcrlich nur gef\u00fchlt) und meine Blase spielt total und \u00fcberhaupt verr\u00fcckt. Ich warte mal noch 1-2 Tage ab und schaue, ob das erh\u00f6hte Baclofen die Spastik ertr\u00e4glich macht. Mit Missempfindungen und auch notfalls einer Toilette alle 10 Minuten kann ich ja leben. <\/p>\n<p align=\"justify\">&#160;<\/p>\n<p align=\"center\"><a href=\"http:\/\/www.anthealein.de\/wp-content\/uploads\/2015\/01\/13012015.jpg\"><img loading=\"lazy\" decoding=\"async\" title=\"13012015\" style=\"border-left-width: 0px; border-right-width: 0px; background-image: none; border-bottom-width: 0px; padding-top: 0px; padding-left: 0px; display: inline; padding-right: 0px; border-top-width: 0px\" border=\"0\" alt=\"13012015\" src=\"http:\/\/www.anthealein.de\/wp-content\/uploads\/2015\/01\/13012015_thumb.jpg\" width=\"504\" height=\"504\" \/><\/a><\/p>\n<p align=\"center\">&#160;<\/p>\n<p align=\"center\"><a href=\"http:\/\/www.anthealein.de\/wp-content\/uploads\/2015\/01\/13012015II.jpg\"><img loading=\"lazy\" decoding=\"async\" title=\"13012015II\" style=\"border-left-width: 0px; border-right-width: 0px; background-image: none; border-bottom-width: 0px; padding-top: 0px; padding-left: 0px; display: inline; padding-right: 0px; border-top-width: 0px\" border=\"0\" alt=\"13012015II\" src=\"http:\/\/www.anthealein.de\/wp-content\/uploads\/2015\/01\/13012015II_thumb.jpg\" width=\"504\" height=\"504\" \/><\/a><\/p>\n<p align=\"center\">&#160;<\/p>\n<p align=\"center\"><a href=\"http:\/\/www.anthealein.de\/wp-content\/uploads\/2015\/01\/13012015III.jpg\"><img loading=\"lazy\" decoding=\"async\" title=\"13012015III\" style=\"border-left-width: 0px; border-right-width: 0px; background-image: none; border-bottom-width: 0px; padding-top: 0px; padding-left: 0px; display: inline; padding-right: 0px; border-top-width: 0px\" border=\"0\" alt=\"13012015III\" src=\"http:\/\/www.anthealein.de\/wp-content\/uploads\/2015\/01\/13012015III_thumb.jpg\" width=\"504\" height=\"404\" \/><\/a>     <br \/>Immer noch: Dach kaputt. Morgen soll es gemacht werden. Oder so.<\/p>\n<p align=\"center\">&#160;<\/p>\n<p align=\"center\"><a href=\"http:\/\/www.anthealein.de\/wp-content\/uploads\/2015\/01\/13012015IV.jpg\"><img loading=\"lazy\" decoding=\"async\" title=\"13012015IV\" style=\"border-left-width: 0px; border-right-width: 0px; background-image: none; border-bottom-width: 0px; padding-top: 0px; padding-left: 0px; display: inline; padding-right: 0px; border-top-width: 0px\" border=\"0\" alt=\"13012015IV\" src=\"http:\/\/www.anthealein.de\/wp-content\/uploads\/2015\/01\/13012015IV_thumb.jpg\" width=\"504\" height=\"504\" \/><\/a>     <br \/>\u201cAusbeute\u201d heute. Nein, das ist kein kleiner Suppentopf. Das ist der gr\u00f6\u00dfte, in unserem Haushalt aufzutreibende Topf.<\/p>\n","protected":false},"excerpt":{"rendered":"<p>&#160; \u2026 sollte jetzt so langsam Ruhe geben. Abhorchen war in Ordnung, R\u00f6ntgen war auch in Ordnung. Mein Hausarzt ist immer noch der Meinung, das die MS hier gerade verr\u00fcckt spielt und hat mir heute gesagt, das ich n\u00e4chste Woche wieder kommen soll, wenn es nicht besser wird. Auf dem R\u00fcckweg schien meine \u201cGrunderkrankung\u201d (wie [&hellip;]<\/p>\n","protected":false},"author":1,"featured_media":0,"comment_status":"open","ping_status":"open","sticky":false,"template":"","format":"standard","meta":{"footnotes":""},"categories":[3],"tags":[],"class_list":["post-14108","post","type-post","status-publish","format-standard","hentry","category-alles-mogliche"],"_links":{"self":[{"href":"https:\/\/www.anthealein.de\/index.php?rest_route=\/wp\/v2\/posts\/14108","targetHints":{"allow":["GET"]}}],"collection":[{"href":"https:\/\/www.anthealein.de\/index.php?rest_route=\/wp\/v2\/posts"}],"about":[{"href":"https:\/\/www.anthealein.de\/index.php?rest_route=\/wp\/v2\/types\/post"}],"author":[{"embeddable":true,"href":"https:\/\/www.anthealein.de\/index.php?rest_route=\/wp\/v2\/users\/1"}],"replies":[{"embeddable":true,"href":"https:\/\/www.anthealein.de\/index.php?rest_route=%2Fwp%2Fv2%2Fcomments&post=14108"}],"version-history":[{"count":2,"href":"https:\/\/www.anthealein.de\/index.php?rest_route=\/wp\/v2\/posts\/14108\/revisions"}],"predecessor-version":[{"id":14110,"href":"https:\/\/www.anthealein.de\/index.php?rest_route=\/wp\/v2\/posts\/14108\/revisions\/14110"}],"wp:attachment":[{"href":"https:\/\/www.anthealein.de\/index.php?rest_route=%2Fwp%2Fv2%2Fmedia&parent=14108"}],"wp:term":[{"taxonomy":"category","embeddable":true,"href":"https:\/\/www.anthealein.de\/index.php?rest_route=%2Fwp%2Fv2%2Fcategories&post=14108"},{"taxonomy":"post_tag","embeddable":true,"href":"https:\/\/www.anthealein.de\/index.php?rest_route=%2Fwp%2Fv2%2Ftags&post=14108"}],"curies":[{"name":"wp","href":"https:\/\/api.w.org\/{rel}","templated":true}]}}