{"id":14087,"date":"2015-01-10T22:19:49","date_gmt":"2015-01-10T20:19:49","guid":{"rendered":"http:\/\/www.anthealein.de\/?p=14087"},"modified":"2015-01-10T22:19:49","modified_gmt":"2015-01-10T20:19:49","slug":"organisatorisch","status":"publish","type":"post","link":"https:\/\/www.anthealein.de\/?p=14087","title":{"rendered":"Organisatorisch &hellip;"},"content":{"rendered":"<p>&#160;<\/p>\n<p align=\"justify\">\u2026 ist das mit den Medikamenten momentan ganz sch\u00f6n stressig. <\/p>\n<p align=\"justify\">&#8211; Magenschoner: eine Stunde vor allem anderen einzunehmen. Also gegen 5 Uhr morgens, wenn ich eh gerade mal laufe und gegen 17 Uhr abends.    <br \/>&#8211; Antibiotika: im Abstand von 12 Stunden, 15 Minuten vor dem Essen. Da wir abends kurz nach 18 Uhr essen, f\u00fcr morgens auch um die Zeit anzusetzen ca. (auch mal wieder ein Klogang)    <br \/>&#8211; Inhalator Nummer 1 (Bretaris): nach dem Essen, vor den Tabletten. Der Einfachheit halber, weil ich eh was nachtrinken muss. Morgens und abends.    <br \/>&#8211; Baclofen 3x tgl., Magnesium + Kalium 1x tgl., 20 mg Prednisolon 2x tgl. nach dem Essen    <br \/>&#8211; Inhalator Nummer 2 (Foster): ca. 20-30 Minuten nach den ganzen anderen Medikamenten<\/p>\n<p align=\"justify\">Ach ja, und da ich heute Abend wieder Plegridy gespritzt habe (zum 1. Mal die volle Dosis): f\u00fcr heute und morgen 3&#215;400 mg Ibuprofen noch dazu. <\/p>\n<p align=\"justify\">Das Kortison hat mich heute Vormittag dazu getrieben, tats\u00e4chlich mal wieder hier durchzuwischen (das mach ich normalerweise 2-3x\/Woche, aktuell: seit Silvester nicht mehr). F\u00fchrte dann dazu, das ich nicht wirklich lange mit meinem Arbeitskollegen telefonieren konnte danach, aber da der auch gerade nicht wirklich fit ist, passte das. <\/p>\n<p align=\"justify\">Kekse backen hatte ich Lena schon vor 3 Wochen versprochen, jetzt musste die Backmischung (auch vor 3 Wochen ging es mir ja schon nicht gut) dringend aufgebraucht werden. Aber sie durfte\/wollte ganz viel helfen und \u201cnur\u201d das Ausstechen blieb dann gr\u00f6\u00dftenteils mir \u00fcberlassen, weil sie mit unserem Nachbarsjungen spielen ging. <\/p>\n<p align=\"justify\">Und w\u00e4hrenddessen war Jana auf einem Geburtstag und die ganze Horde war im Kino. Allesamt 10-11 Jahre alt, allesamt hinterher Rotz und Wasser heulend. Weil: sie sich \u201cHonig im Kopf\u201d anschauen mussten\/wollten. Auf die Idee w\u00e4ren wir in dem Alter nie gekommen.<\/p>\n<p align=\"justify\">&#160;<\/p>\n<p align=\"center\"><a href=\"http:\/\/www.anthealein.de\/wp-content\/uploads\/2015\/01\/10012015.jpg\"><img loading=\"lazy\" decoding=\"async\" title=\"10012015\" style=\"border-top: 0px; border-right: 0px; background-image: none; border-bottom: 0px; padding-top: 0px; padding-left: 0px; border-left: 0px; display: inline; padding-right: 0px\" border=\"0\" alt=\"10012015\" src=\"http:\/\/www.anthealein.de\/wp-content\/uploads\/2015\/01\/10012015_thumb.jpg\" width=\"404\" height=\"504\" \/><\/a><\/p>\n<p align=\"center\">&#160;<\/p>\n<p align=\"center\"><a href=\"http:\/\/www.anthealein.de\/wp-content\/uploads\/2015\/01\/10012015II.jpg\"><img loading=\"lazy\" decoding=\"async\" title=\"10012015II\" style=\"border-top: 0px; border-right: 0px; background-image: none; border-bottom: 0px; padding-top: 0px; padding-left: 0px; border-left: 0px; display: inline; padding-right: 0px\" border=\"0\" alt=\"10012015II\" src=\"http:\/\/www.anthealein.de\/wp-content\/uploads\/2015\/01\/10012015II_thumb.jpg\" width=\"404\" height=\"504\" \/><\/a>    <br \/>Auch beim Nudelauflauf wollte sie helfen <img decoding=\"async\" class=\"wlEmoticon wlEmoticon-smile\" style=\"border-top-style: none; border-bottom-style: none; border-right-style: none; border-left-style: none\" alt=\"Smiley\" src=\"http:\/\/www.anthealein.de\/wp-content\/uploads\/2015\/01\/wlEmoticon-smile.png\" \/><\/p>\n","protected":false},"excerpt":{"rendered":"<p>&#160; \u2026 ist das mit den Medikamenten momentan ganz sch\u00f6n stressig. &#8211; Magenschoner: eine Stunde vor allem anderen einzunehmen. Also gegen 5 Uhr morgens, wenn ich eh gerade mal laufe und gegen 17 Uhr abends. &#8211; Antibiotika: im Abstand von 12 Stunden, 15 Minuten vor dem Essen. Da wir abends kurz nach 18 Uhr essen, [&hellip;]<\/p>\n","protected":false},"author":1,"featured_media":0,"comment_status":"open","ping_status":"open","sticky":false,"template":"","format":"standard","meta":{"footnotes":""},"categories":[3],"tags":[],"class_list":["post-14087","post","type-post","status-publish","format-standard","hentry","category-alles-mogliche"],"_links":{"self":[{"href":"https:\/\/www.anthealein.de\/index.php?rest_route=\/wp\/v2\/posts\/14087","targetHints":{"allow":["GET"]}}],"collection":[{"href":"https:\/\/www.anthealein.de\/index.php?rest_route=\/wp\/v2\/posts"}],"about":[{"href":"https:\/\/www.anthealein.de\/index.php?rest_route=\/wp\/v2\/types\/post"}],"author":[{"embeddable":true,"href":"https:\/\/www.anthealein.de\/index.php?rest_route=\/wp\/v2\/users\/1"}],"replies":[{"embeddable":true,"href":"https:\/\/www.anthealein.de\/index.php?rest_route=%2Fwp%2Fv2%2Fcomments&post=14087"}],"version-history":[{"count":1,"href":"https:\/\/www.anthealein.de\/index.php?rest_route=\/wp\/v2\/posts\/14087\/revisions"}],"predecessor-version":[{"id":14088,"href":"https:\/\/www.anthealein.de\/index.php?rest_route=\/wp\/v2\/posts\/14087\/revisions\/14088"}],"wp:attachment":[{"href":"https:\/\/www.anthealein.de\/index.php?rest_route=%2Fwp%2Fv2%2Fmedia&parent=14087"}],"wp:term":[{"taxonomy":"category","embeddable":true,"href":"https:\/\/www.anthealein.de\/index.php?rest_route=%2Fwp%2Fv2%2Fcategories&post=14087"},{"taxonomy":"post_tag","embeddable":true,"href":"https:\/\/www.anthealein.de\/index.php?rest_route=%2Fwp%2Fv2%2Ftags&post=14087"}],"curies":[{"name":"wp","href":"https:\/\/api.w.org\/{rel}","templated":true}]}}