{"id":14079,"date":"2015-01-09T19:57:17","date_gmt":"2015-01-09T17:57:17","guid":{"rendered":"http:\/\/www.anthealein.de\/?p=14079"},"modified":"2015-01-09T19:58:36","modified_gmt":"2015-01-09T17:58:36","slug":"die-augen-verdreht","status":"publish","type":"post","link":"https:\/\/www.anthealein.de\/?p=14079","title":{"rendered":"Die Augen verdreht &hellip;"},"content":{"rendered":"<p>&#160;<\/p>\n<p align=\"justify\">\u2026 hat mein Arzt nicht. Aber gl\u00fccklich, mich schon wieder zu sehen, war er auch nicht. Sein Fazit: er vermutet, das meine \u201cGrunderkrankung\u201d an meinem momentanen Gesundheitszustand schuld ist. Weshalb es neben Antibiotika auch Cortisontabletten zus\u00e4tzlich zu den schon vorhandenen Inhalatoren gab. Gut, das ich Magenschoner eh wegen der Basistherapie zu Hause habe. Und Montag soll ich zum R\u00f6ntgen. Den f\u00fcr mich gerade typischen Hustenanfall hatte ich nat\u00fcrlich, als ich alleine im Zimmer wartete wegen dem CRP-Wert (wieso geht es mir eigentlich sonst immer gut, wenn ich beim Arzt sitze?). Aber wie das momentan so ist: erstens war der auch zwei R\u00e4ume weiter nicht zu \u00fcberh\u00f6ren und zweitens sa\u00df ich hinterher v\u00f6llig platt da, was den Doc zu einem netten Kommentar veranlasste beim wieder kommen. Ich h\u00f6re immer wieder gerne, wie fertig ich aussehe\/bin. <\/p>\n<p align=\"justify\">Heute war ich dann auch kurz (wirklich, wirklich kurz) auf der Arbeit um die Krankmeldung abzugeben, w\u00e4hrend Chris im Auto wartete. Und da stellte eine Kollegin fest, das ich auch wieder schlecht laufen w\u00fcrde. Ist mir so noch nicht wirklich aufgefallen, was aber daran liegen mag, das ich ja eh nach der kleinsten Wegstrecke (sprich: einmal durch die Wohnung und zur\u00fcck) total platt bin und deshalb momentan kaum l\u00e4nger laufe. Ich hasse Winter *schimpf*. Und MS\/meine Lunge auch gerade. So.<\/p>\n<p align=\"justify\">&#160;<\/p>\n<p align=\"center\"><a href=\"http:\/\/www.anthealein.de\/wp-content\/uploads\/2015\/01\/09012015.jpg\"><img loading=\"lazy\" decoding=\"async\" title=\"09012015\" style=\"border-top: 0px; border-right: 0px; background-image: none; border-bottom: 0px; padding-top: 0px; padding-left: 0px; border-left: 0px; display: inline; padding-right: 0px\" border=\"0\" alt=\"09012015\" src=\"http:\/\/www.anthealein.de\/wp-content\/uploads\/2015\/01\/09012015_thumb.jpg\" width=\"504\" height=\"504\" \/><\/a><\/p>\n","protected":false},"excerpt":{"rendered":"<p>&#160; \u2026 hat mein Arzt nicht. Aber gl\u00fccklich, mich schon wieder zu sehen, war er auch nicht. Sein Fazit: er vermutet, das meine \u201cGrunderkrankung\u201d an meinem momentanen Gesundheitszustand schuld ist. Weshalb es neben Antibiotika auch Cortisontabletten zus\u00e4tzlich zu den schon vorhandenen Inhalatoren gab. Gut, das ich Magenschoner eh wegen der Basistherapie zu Hause habe. Und [&hellip;]<\/p>\n","protected":false},"author":1,"featured_media":0,"comment_status":"open","ping_status":"open","sticky":false,"template":"","format":"standard","meta":{"footnotes":""},"categories":[3],"tags":[],"class_list":["post-14079","post","type-post","status-publish","format-standard","hentry","category-alles-mogliche"],"_links":{"self":[{"href":"https:\/\/www.anthealein.de\/index.php?rest_route=\/wp\/v2\/posts\/14079","targetHints":{"allow":["GET"]}}],"collection":[{"href":"https:\/\/www.anthealein.de\/index.php?rest_route=\/wp\/v2\/posts"}],"about":[{"href":"https:\/\/www.anthealein.de\/index.php?rest_route=\/wp\/v2\/types\/post"}],"author":[{"embeddable":true,"href":"https:\/\/www.anthealein.de\/index.php?rest_route=\/wp\/v2\/users\/1"}],"replies":[{"embeddable":true,"href":"https:\/\/www.anthealein.de\/index.php?rest_route=%2Fwp%2Fv2%2Fcomments&post=14079"}],"version-history":[{"count":2,"href":"https:\/\/www.anthealein.de\/index.php?rest_route=\/wp\/v2\/posts\/14079\/revisions"}],"predecessor-version":[{"id":14081,"href":"https:\/\/www.anthealein.de\/index.php?rest_route=\/wp\/v2\/posts\/14079\/revisions\/14081"}],"wp:attachment":[{"href":"https:\/\/www.anthealein.de\/index.php?rest_route=%2Fwp%2Fv2%2Fmedia&parent=14079"}],"wp:term":[{"taxonomy":"category","embeddable":true,"href":"https:\/\/www.anthealein.de\/index.php?rest_route=%2Fwp%2Fv2%2Fcategories&post=14079"},{"taxonomy":"post_tag","embeddable":true,"href":"https:\/\/www.anthealein.de\/index.php?rest_route=%2Fwp%2Fv2%2Ftags&post=14079"}],"curies":[{"name":"wp","href":"https:\/\/api.w.org\/{rel}","templated":true}]}}