{"id":13928,"date":"2014-12-22T18:25:42","date_gmt":"2014-12-22T16:25:42","guid":{"rendered":"http:\/\/www.anthealein.de\/?p=13928"},"modified":"2014-12-22T18:25:42","modified_gmt":"2014-12-22T16:25:42","slug":"und-schon-wieder-3","status":"publish","type":"post","link":"https:\/\/www.anthealein.de\/?p=13928","title":{"rendered":"Und schon wieder &hellip;"},"content":{"rendered":"<p align=\"justify\">&#160;<\/p>\n<p align=\"justify\">\u2026 ein neuer Inhalator. Meine Lunge kl\u00e4nge eigentlich wieder fast gut, befand der Arzt heute morgen beim Abh\u00f6ren (hatte vorher schon inhaliert). Der Lungenfunktionstest zeigte dann aber das Gegenteil. Und schwupps, hatte ich das Rezept f\u00fcr ein noch st\u00e4rkeres Medikament, die Krankmeldung f\u00fcr morgen (bis Ende des Jahres wollte ich nicht, hab ja eh Urlaub) und die Anweisung, nach Weihnachten wieder zu kommen falls es bis dahin nicht besser ist. <\/p>\n<p align=\"justify\">So langsam w\u00fcrde ich gerne wieder staubsaugen k\u00f6nnen, ohne hinterher v\u00f6llig fertig am Inhalator zu h\u00e4ngen und erst mal eine halbe Stunde Schlaf tanken zu m\u00fcssen.<\/p>\n<p align=\"justify\">Zum Gl\u00fcck sind wenigstens alle Weihnachtsgeschenke noch rechtzeitig mit der Post eingetroffen (heute sogar noch eins, das ich auch als Ostergeschenk notfalls eingeplant hatte), der Baum steht und auch sonst ist fast alles fertig <img decoding=\"async\" class=\"wlEmoticon wlEmoticon-openmouthedsmile\" style=\"border-top-style: none; border-bottom-style: none; border-right-style: none; border-left-style: none\" alt=\"Smiley mit ge\u00f6ffnetem Mund\" src=\"http:\/\/www.anthealein.de\/wp-content\/uploads\/2014\/12\/wlEmoticon-openmouthedsmile1.png\" \/> .<\/p>\n<p align=\"justify\">&#160;<\/p>\n<p align=\"center\"><a href=\"http:\/\/www.anthealein.de\/wp-content\/uploads\/2014\/12\/22122014.jpg\"><img loading=\"lazy\" decoding=\"async\" title=\"22122014\" style=\"border-top: 0px; border-right: 0px; background-image: none; border-bottom: 0px; padding-top: 0px; padding-left: 0px; border-left: 0px; display: inline; padding-right: 0px\" border=\"0\" alt=\"22122014\" src=\"http:\/\/www.anthealein.de\/wp-content\/uploads\/2014\/12\/22122014_thumb.jpg\" width=\"504\" height=\"504\" \/><\/a><\/p>\n","protected":false},"excerpt":{"rendered":"<p>&#160; \u2026 ein neuer Inhalator. Meine Lunge kl\u00e4nge eigentlich wieder fast gut, befand der Arzt heute morgen beim Abh\u00f6ren (hatte vorher schon inhaliert). Der Lungenfunktionstest zeigte dann aber das Gegenteil. Und schwupps, hatte ich das Rezept f\u00fcr ein noch st\u00e4rkeres Medikament, die Krankmeldung f\u00fcr morgen (bis Ende des Jahres wollte ich nicht, hab ja eh [&hellip;]<\/p>\n","protected":false},"author":1,"featured_media":0,"comment_status":"open","ping_status":"open","sticky":false,"template":"","format":"standard","meta":{"footnotes":""},"categories":[3],"tags":[],"class_list":["post-13928","post","type-post","status-publish","format-standard","hentry","category-alles-mogliche"],"_links":{"self":[{"href":"https:\/\/www.anthealein.de\/index.php?rest_route=\/wp\/v2\/posts\/13928","targetHints":{"allow":["GET"]}}],"collection":[{"href":"https:\/\/www.anthealein.de\/index.php?rest_route=\/wp\/v2\/posts"}],"about":[{"href":"https:\/\/www.anthealein.de\/index.php?rest_route=\/wp\/v2\/types\/post"}],"author":[{"embeddable":true,"href":"https:\/\/www.anthealein.de\/index.php?rest_route=\/wp\/v2\/users\/1"}],"replies":[{"embeddable":true,"href":"https:\/\/www.anthealein.de\/index.php?rest_route=%2Fwp%2Fv2%2Fcomments&post=13928"}],"version-history":[{"count":1,"href":"https:\/\/www.anthealein.de\/index.php?rest_route=\/wp\/v2\/posts\/13928\/revisions"}],"predecessor-version":[{"id":13929,"href":"https:\/\/www.anthealein.de\/index.php?rest_route=\/wp\/v2\/posts\/13928\/revisions\/13929"}],"wp:attachment":[{"href":"https:\/\/www.anthealein.de\/index.php?rest_route=%2Fwp%2Fv2%2Fmedia&parent=13928"}],"wp:term":[{"taxonomy":"category","embeddable":true,"href":"https:\/\/www.anthealein.de\/index.php?rest_route=%2Fwp%2Fv2%2Fcategories&post=13928"},{"taxonomy":"post_tag","embeddable":true,"href":"https:\/\/www.anthealein.de\/index.php?rest_route=%2Fwp%2Fv2%2Ftags&post=13928"}],"curies":[{"name":"wp","href":"https:\/\/api.w.org\/{rel}","templated":true}]}}