{"id":13746,"date":"2014-11-20T23:11:38","date_gmt":"2014-11-20T21:11:38","guid":{"rendered":"http:\/\/www.anthealein.de\/?p=13746"},"modified":"2014-11-20T23:12:38","modified_gmt":"2014-11-20T21:12:38","slug":"und-noch-einmal","status":"publish","type":"post","link":"https:\/\/www.anthealein.de\/?p=13746","title":{"rendered":"Und noch einmal &hellip;"},"content":{"rendered":"<p>&#160;<\/p>\n<p align=\"justify\">\u2026 250 mg Soludecortin in den Muskel. Und ich bin mal wieder wach <img decoding=\"async\" class=\"wlEmoticon wlEmoticon-smile\" style=\"border-top-style: none; border-bottom-style: none; border-right-style: none; border-left-style: none\" alt=\"Smiley\" src=\"http:\/\/www.anthealein.de\/wp-content\/uploads\/2014\/11\/wlEmoticon-smile2.png\" \/> . Aber auch grunds\u00e4tzlich geht es besser. Mein Magen beruhigt sich, Baclofen und\/oder Kortison hat die Spastik gut gemacht. Und Augentropfen helfen gegen die Augenschmerzen. <\/p>\n<p align=\"justify\">&#160;<\/p>\n<p align=\"center\"><a href=\"http:\/\/www.anthealein.de\/wp-content\/uploads\/2014\/11\/20112014.jpg\"><img loading=\"lazy\" decoding=\"async\" title=\"20112014\" style=\"border-top: 0px; border-right: 0px; background-image: none; border-bottom: 0px; padding-top: 0px; padding-left: 0px; border-left: 0px; display: inline; padding-right: 0px\" border=\"0\" alt=\"20112014\" src=\"http:\/\/www.anthealein.de\/wp-content\/uploads\/2014\/11\/20112014_thumb.jpg\" width=\"504\" height=\"404\" \/><\/a><\/p>\n<p align=\"center\">&#160;<\/p>\n<p align=\"center\"><a href=\"http:\/\/www.anthealein.de\/wp-content\/uploads\/2014\/11\/20112014II.jpg\"><img loading=\"lazy\" decoding=\"async\" title=\"20112014II\" style=\"border-top: 0px; border-right: 0px; background-image: none; border-bottom: 0px; padding-top: 0px; padding-left: 0px; border-left: 0px; display: inline; padding-right: 0px\" border=\"0\" alt=\"20112014II\" src=\"http:\/\/www.anthealein.de\/wp-content\/uploads\/2014\/11\/20112014II_thumb.jpg\" width=\"504\" height=\"404\" \/><\/a><\/p>\n<p align=\"center\">&#160;<\/p>\n<p align=\"center\"><a href=\"http:\/\/www.anthealein.de\/wp-content\/uploads\/2014\/11\/20112014III.jpg\"><img loading=\"lazy\" decoding=\"async\" title=\"20112014III\" style=\"border-top: 0px; border-right: 0px; background-image: none; border-bottom: 0px; padding-top: 0px; padding-left: 0px; border-left: 0px; display: inline; padding-right: 0px\" border=\"0\" alt=\"20112014III\" src=\"http:\/\/www.anthealein.de\/wp-content\/uploads\/2014\/11\/20112014III_thumb.jpg\" width=\"504\" height=\"404\" \/><\/a><\/p>\n<p align=\"center\">&#160;<\/p>\n<p align=\"justify\">Kinder:   <br \/>&#8211; da erz\u00e4hle ich Jana, w\u00e4hrend wir Youtube st\u00fcrmen beim Kochen, das wir \u201cAll that she want\u2019s\u201d von \u201cAce of Base\u201d damals auf Ski-Klassenfahrt im Ski-Lift immer geh\u00f6rt und gesungen haben. Daraufhin sie: \u201cIhr durftet Handys mit auf Klassenfahrt nehmen? Das d\u00fcrfen wir nicht!\u201d (im Brustton tiefster Emp\u00f6rung). Ich hab das Kind dann mal \u00fcber alternative Musikabspielmethoden aufkl\u00e4ren m\u00fcssen shock .    <br \/>&#8211; Lena: \u201cEssen gehen mit einem Mann ist ein Date\u201d. Thema: zum Essen treffen beim Chinesen mit Papa. Ich war der Meinung, das w\u00e4re kein Date.     <br \/>&#8211; Jana und What\u2019s App. Neben einem furchtbaren Benachrichtigungston, der mich immer dazu animiert, Professor Layton spielen zu wollen, ist sie mittlerweile Teil mehrerer Gruppen. Eine davon beinhaltet praktisch den ganzen Jahrgang (also \u00fcber 100). In ihrer Klasse m\u00fcssen sie gerade eine Gruppenarbeit erledigen. Die H\u00e4lfte der Zeit diskutierten sie und ihre Klassenkameraden \u00fcber einen Namen f\u00fcr ihre Gruppe. Und in Folge dessen \u00fcber einen Namen f\u00fcr ihre What\u2019s-App-Gruppe. Die irgend jemand dann erst mal \u201cNo Name-Gruppe\u201d taufte. Jana daraufhin: \u201cNo Name-Gruppe \u2026 Na, da haben wir doch einen Namen\u201d.&#160; <br \/>&#8211; allgemein ist Jana sehr gespr\u00e4chig, seitdem sie auf die IGS geht. Meint: sie h\u00f6rt gar nicht wieder auf zu erz\u00e4hlen. Und da darf ich mir w\u00e4hrend der Hausarbeit so Perlen anh\u00f6ren wie \u201cUnd sie dann so ts\u00f6 und ich dann so p\u00f6h\u201d.<\/p>\n","protected":false},"excerpt":{"rendered":"<p>&#160; \u2026 250 mg Soludecortin in den Muskel. Und ich bin mal wieder wach . Aber auch grunds\u00e4tzlich geht es besser. Mein Magen beruhigt sich, Baclofen und\/oder Kortison hat die Spastik gut gemacht. Und Augentropfen helfen gegen die Augenschmerzen. &#160; &#160; &#160; &#160; Kinder: &#8211; da erz\u00e4hle ich Jana, w\u00e4hrend wir Youtube st\u00fcrmen beim Kochen, [&hellip;]<\/p>\n","protected":false},"author":1,"featured_media":0,"comment_status":"open","ping_status":"open","sticky":false,"template":"","format":"standard","meta":{"footnotes":""},"categories":[3],"tags":[],"class_list":["post-13746","post","type-post","status-publish","format-standard","hentry","category-alles-mogliche"],"_links":{"self":[{"href":"https:\/\/www.anthealein.de\/index.php?rest_route=\/wp\/v2\/posts\/13746","targetHints":{"allow":["GET"]}}],"collection":[{"href":"https:\/\/www.anthealein.de\/index.php?rest_route=\/wp\/v2\/posts"}],"about":[{"href":"https:\/\/www.anthealein.de\/index.php?rest_route=\/wp\/v2\/types\/post"}],"author":[{"embeddable":true,"href":"https:\/\/www.anthealein.de\/index.php?rest_route=\/wp\/v2\/users\/1"}],"replies":[{"embeddable":true,"href":"https:\/\/www.anthealein.de\/index.php?rest_route=%2Fwp%2Fv2%2Fcomments&post=13746"}],"version-history":[{"count":2,"href":"https:\/\/www.anthealein.de\/index.php?rest_route=\/wp\/v2\/posts\/13746\/revisions"}],"predecessor-version":[{"id":13748,"href":"https:\/\/www.anthealein.de\/index.php?rest_route=\/wp\/v2\/posts\/13746\/revisions\/13748"}],"wp:attachment":[{"href":"https:\/\/www.anthealein.de\/index.php?rest_route=%2Fwp%2Fv2%2Fmedia&parent=13746"}],"wp:term":[{"taxonomy":"category","embeddable":true,"href":"https:\/\/www.anthealein.de\/index.php?rest_route=%2Fwp%2Fv2%2Fcategories&post=13746"},{"taxonomy":"post_tag","embeddable":true,"href":"https:\/\/www.anthealein.de\/index.php?rest_route=%2Fwp%2Fv2%2Ftags&post=13746"}],"curies":[{"name":"wp","href":"https:\/\/api.w.org\/{rel}","templated":true}]}}