{"id":13723,"date":"2014-11-17T21:47:30","date_gmt":"2014-11-17T19:47:30","guid":{"rendered":"http:\/\/www.anthealein.de\/?p=13723"},"modified":"2014-11-17T22:15:08","modified_gmt":"2014-11-17T20:15:08","slug":"endlich-4","status":"publish","type":"post","link":"https:\/\/www.anthealein.de\/?p=13723","title":{"rendered":"Endlich &hellip;"},"content":{"rendered":"<p align=\"justify\">&#160;<\/p>\n<p align=\"justify\">\u2026 mal ein Schub, der eindeutig im MRT zu sehen sein m\u00fcsste. Fazialisparese mit Mundastschw\u00e4che steht auf der \u00dcberweisung und der Herd MUSS im Gehirn zu finden sein. <\/p>\n<p align=\"justify\">Heute war ich bei der Neurologin. Bei ihrem Vorg\u00e4nger hatte man kaum einen Platz im Wartezimmer und auch bei ihrer Kollegin bekommt man kaum einen Termin. Heute hatte diese Kollegin Urlaub und ich tummelte mich alleine ganze zwei Minuten auf weiter Wartezimmerflur.&#160; Ich habe wirklich keinen Schimmer, wieso ich den anderen Patienten noch nicht gefolgt bin und mir auch eine Alternative gesucht habe. So langsam ist mein Versprechen Dr. E. gegen\u00fcber wirklich erledigt.<\/p>\n<p align=\"justify\">Fazit des kurzen Besuchs: ich habe besagte Gesichtsl\u00e4hmung, \u201cwir\u201d machen MRT und dann reden \u201cwir\u201d \u00fcber eine neue Basistherapie (das will sie schon seit 6 Monaten und jedes Mal ist SIE diejenige, die es mir f\u00fcr den n\u00e4chsten Termin ans Herz legt). Seit vorgestern hat der Schub noch ein wenig zugelegt und h\u00e4tte sie auf meine Erz\u00e4hlung (Schulterspastik) wieder mal ihre Migr\u00e4ne aufs Tapet gebracht oder diese \u201cMS verursacht keine Schmerzen\u201d-Legende, dann w\u00e4re ich wohl auch heute schon kommentarlos gegangen. Gestern n\u00e4mlich hatte ich so starke Spastik in den Schultern, das den ganzen Tag praktisch gar nichts ging und ich mich vor Schmerzen \u00fcbergeben musste. Trotz Aspirin, Paracetamol, 50 mg Baclofen und zig Magnesiumtabletten. Nat\u00fcrlich nicht alle auf einmal *g*. War f\u00fcr die Kinder ein Tag mit viel PC und Fernsehen, da Chris arbeiten musste. Ach ja, und Aufstocken auf 75 mg Baclofen soll ich mal. Das ist die H\u00f6chstdosis. Bei der \u201cnormale\u201d Menschen praktisch Gummipuppen werden. Bei mir: ohne Auswirkungen bis jetzt. Selbst Haare f\u00f6hnen l\u00f6st einen Krampf aus.&#160; Ich nehme ja schon seit Tagen 50 mg, was sie heute meine Muskeln \u00fcberpr\u00fcfen lie\u00df. Keine Schw\u00e4chung durchs Baclofen. Im Gegenteil *seufz*. Vielleicht sollten \u201cwir\u201d doch mal ein anderes Medikament probieren.<\/p>\n<p align=\"justify\">Nach meiner Neurologin ging es weiter zu meinem Hausarzt. Da m\u00fcssen wir noch auf ein paar Ergebnisse die Tage warten und er fordert sich die alten Befunde an von meiner letzten Magen-Darm-Spiegelung. Und dann sehen wir weiter. So richtig klasse von ihm fand ich, das er mir von sich aus noch mal angeboten hat, mir gerne Kortison zu geben wenn ich der Meinung bin, das ich es brauche. Und ja, dank Magenschoner und Schonkost ist mein Magen schon ein wenig netter und ich nahm f\u00fcr die Schultern gerne dankend 250 mg Soludecortin an. Dauernde Schmerzmittel sind ja auch nicht wirklich gut f\u00fcr den Magen. Die 250 mg d\u00fcrften auch der Grund sein, wieso ich gerade f\u00e4hig bin, diesen Roman zu schreiben und nicht \u2013 wie die letzten Tage \u2013 v\u00f6llig fertig schon im Bett zu liegen *g*. Morgen also wohl wieder nur ein Bild <img decoding=\"async\" class=\"wlEmoticon wlEmoticon-winkingsmile\" style=\"border-top-style: none; border-bottom-style: none; border-right-style: none; border-left-style: none\" alt=\"Zwinkerndes Smiley\" src=\"http:\/\/www.anthealein.de\/wp-content\/uploads\/2014\/11\/wlEmoticon-winkingsmile.png\" \/>.<\/p>\n<p align=\"justify\">In der Radiologie erwartete mich eine lange, lange Schlange. Ich sollte mich erst mal ins Wartezimmer setzen, die Sprechstundenhilfe wollte nach Abarbeiten der Schlange nach einem Termin sehen. Aber dieses Jahr ginge gar nichts mehr. Hmpf. Nach einer halben Stunde rief mich die nette Sprechstundenhilfe nach vorne und sagte mir \u2013 mit Blick auf die nicht geschrumpfte Schlange \u2013 das sie mich sp\u00e4ter auf meinem Handy anrufen w\u00fcrde. Tat sie dann auch und konnte mir schon einen Termin am 10. Dezember anbieten. Ich erinnerte sie dran, das ich diese Woche auch noch jederzeit einspringen kann. Und siehe da: 2 Stunden sp\u00e4ter klingelte mein Handy, als der neue Physiotherapeut gerade versuchte, meine Schulter weich zu bekommen. Morgen 11.20 Uhr darf ich antreten <img decoding=\"async\" class=\"wlEmoticon wlEmoticon-openmouthedsmile\" style=\"border-top-style: none; border-bottom-style: none; border-right-style: none; border-left-style: none\" alt=\"Smiley mit ge\u00f6ffnetem Mund\" src=\"http:\/\/www.anthealein.de\/wp-content\/uploads\/2014\/11\/wlEmoticon-openmouthedsmile.png\" \/>. Hat doch seine Vorteile, wenn man Stammkunde in der Praxis ist und die Sprechstundenhilfe einen mag *g*. <\/p>\n<p align=\"justify\">&#160;<\/p>\n<p align=\"center\"><a href=\"http:\/\/www.anthealein.de\/wp-content\/uploads\/2014\/11\/17112014II.jpg\"><img loading=\"lazy\" decoding=\"async\" title=\"17112014II\" style=\"border-top: 0px; border-right: 0px; background-image: none; border-bottom: 0px; padding-top: 0px; padding-left: 0px; border-left: 0px; display: inline; padding-right: 0px\" border=\"0\" alt=\"17112014II\" src=\"http:\/\/www.anthealein.de\/wp-content\/uploads\/2014\/11\/17112014II_thumb.jpg\" width=\"504\" height=\"504\" \/><\/a>    <br \/>Kein Wunder, das mein Auge trocken war und geschmerzt hat. Die Tr\u00e4nendr\u00fcsen haben ihren Dienst eingestellt. Zusammen mit meiner Nasenschleimhaut. Ehrlich: Nachts sieht das noch viel, viel schlimmer aus <img decoding=\"async\" class=\"wlEmoticon wlEmoticon-winkingsmile\" style=\"border-top-style: none; border-bottom-style: none; border-right-style: none; border-left-style: none\" alt=\"Zwinkerndes Smiley\" src=\"http:\/\/www.anthealein.de\/wp-content\/uploads\/2014\/11\/wlEmoticon-winkingsmile.png\" \/>.<\/p>\n","protected":false},"excerpt":{"rendered":"<p>&#160; \u2026 mal ein Schub, der eindeutig im MRT zu sehen sein m\u00fcsste. Fazialisparese mit Mundastschw\u00e4che steht auf der \u00dcberweisung und der Herd MUSS im Gehirn zu finden sein. Heute war ich bei der Neurologin. Bei ihrem Vorg\u00e4nger hatte man kaum einen Platz im Wartezimmer und auch bei ihrer Kollegin bekommt man kaum einen Termin. [&hellip;]<\/p>\n","protected":false},"author":1,"featured_media":0,"comment_status":"open","ping_status":"open","sticky":false,"template":"","format":"standard","meta":{"footnotes":""},"categories":[3],"tags":[],"class_list":["post-13723","post","type-post","status-publish","format-standard","hentry","category-alles-mogliche"],"_links":{"self":[{"href":"https:\/\/www.anthealein.de\/index.php?rest_route=\/wp\/v2\/posts\/13723","targetHints":{"allow":["GET"]}}],"collection":[{"href":"https:\/\/www.anthealein.de\/index.php?rest_route=\/wp\/v2\/posts"}],"about":[{"href":"https:\/\/www.anthealein.de\/index.php?rest_route=\/wp\/v2\/types\/post"}],"author":[{"embeddable":true,"href":"https:\/\/www.anthealein.de\/index.php?rest_route=\/wp\/v2\/users\/1"}],"replies":[{"embeddable":true,"href":"https:\/\/www.anthealein.de\/index.php?rest_route=%2Fwp%2Fv2%2Fcomments&post=13723"}],"version-history":[{"count":2,"href":"https:\/\/www.anthealein.de\/index.php?rest_route=\/wp\/v2\/posts\/13723\/revisions"}],"predecessor-version":[{"id":13729,"href":"https:\/\/www.anthealein.de\/index.php?rest_route=\/wp\/v2\/posts\/13723\/revisions\/13729"}],"wp:attachment":[{"href":"https:\/\/www.anthealein.de\/index.php?rest_route=%2Fwp%2Fv2%2Fmedia&parent=13723"}],"wp:term":[{"taxonomy":"category","embeddable":true,"href":"https:\/\/www.anthealein.de\/index.php?rest_route=%2Fwp%2Fv2%2Fcategories&post=13723"},{"taxonomy":"post_tag","embeddable":true,"href":"https:\/\/www.anthealein.de\/index.php?rest_route=%2Fwp%2Fv2%2Ftags&post=13723"}],"curies":[{"name":"wp","href":"https:\/\/api.w.org\/{rel}","templated":true}]}}