{"id":13628,"date":"2014-10-28T22:41:37","date_gmt":"2014-10-28T20:41:37","guid":{"rendered":"http:\/\/www.anthealein.de\/?p=13628"},"modified":"2014-10-28T22:42:30","modified_gmt":"2014-10-28T20:42:30","slug":"der-bandscheibenvorfall","status":"publish","type":"post","link":"https:\/\/www.anthealein.de\/?p=13628","title":{"rendered":"Der Bandscheibenvorfall &hellip;"},"content":{"rendered":"<p>&#160;<\/p>\n<p align=\"justify\">\u2026 von anno dazumal (aka 2004) hat sich nicht zum Schlechteren ver\u00e4ndert. Ist also wohl nicht f\u00fcr meine momentanen Beschwerden verantwortlich. Daf\u00fcr kann man auf den MRT-Aufnahmen noch so gerade eben einen neuen Herd sehen. Ob ich deshalb dann jetzt zur Neurologin renne, damit die mir eine \u00dcberweisung zum MRT BWS MIT Kontrastmittel gibt (das heute war dann doch ohne Kontrastmittel), damit wir ganz sicher wissen das da ein aktueller Herd ist, aber eh nichts mehr machen k\u00f6nnen weil die 10-Tage-Frist verstrichen ist \u2026 Och n\u00f6. Ich erh\u00f6he jetzt einfach mal wieder das Baclofen f\u00fcr ein paar Tage\/Wochen und werde meiner Neurologin den Bericht in 3 Wochen zeigen, wenn ich eh meinen Termin bei ihr habe. Und je nach Reaktion ihrerseits denke ich dann doch noch mal \u00fcber einen Arztwechsel nach (momentan kann ich mich einfach noch nicht aufraffen \u2026).<\/p>\n<p align=\"justify\">&#160;<\/p>\n<p align=\"center\"><a href=\"http:\/\/www.anthealein.de\/wp-content\/uploads\/2014\/10\/28102014.jpg\"><img loading=\"lazy\" decoding=\"async\" title=\"28102014\" style=\"border-top: 0px; border-right: 0px; background-image: none; border-bottom: 0px; padding-top: 0px; padding-left: 0px; border-left: 0px; display: inline; padding-right: 0px\" border=\"0\" alt=\"28102014\" src=\"http:\/\/www.anthealein.de\/wp-content\/uploads\/2014\/10\/28102014_thumb.jpg\" width=\"504\" height=\"404\" \/><\/a><\/p>\n","protected":false},"excerpt":{"rendered":"<p>&#160; \u2026 von anno dazumal (aka 2004) hat sich nicht zum Schlechteren ver\u00e4ndert. Ist also wohl nicht f\u00fcr meine momentanen Beschwerden verantwortlich. Daf\u00fcr kann man auf den MRT-Aufnahmen noch so gerade eben einen neuen Herd sehen. Ob ich deshalb dann jetzt zur Neurologin renne, damit die mir eine \u00dcberweisung zum MRT BWS MIT Kontrastmittel gibt [&hellip;]<\/p>\n","protected":false},"author":1,"featured_media":0,"comment_status":"open","ping_status":"open","sticky":false,"template":"","format":"standard","meta":{"footnotes":""},"categories":[3],"tags":[],"class_list":["post-13628","post","type-post","status-publish","format-standard","hentry","category-alles-mogliche"],"_links":{"self":[{"href":"https:\/\/www.anthealein.de\/index.php?rest_route=\/wp\/v2\/posts\/13628","targetHints":{"allow":["GET"]}}],"collection":[{"href":"https:\/\/www.anthealein.de\/index.php?rest_route=\/wp\/v2\/posts"}],"about":[{"href":"https:\/\/www.anthealein.de\/index.php?rest_route=\/wp\/v2\/types\/post"}],"author":[{"embeddable":true,"href":"https:\/\/www.anthealein.de\/index.php?rest_route=\/wp\/v2\/users\/1"}],"replies":[{"embeddable":true,"href":"https:\/\/www.anthealein.de\/index.php?rest_route=%2Fwp%2Fv2%2Fcomments&post=13628"}],"version-history":[{"count":2,"href":"https:\/\/www.anthealein.de\/index.php?rest_route=\/wp\/v2\/posts\/13628\/revisions"}],"predecessor-version":[{"id":13630,"href":"https:\/\/www.anthealein.de\/index.php?rest_route=\/wp\/v2\/posts\/13628\/revisions\/13630"}],"wp:attachment":[{"href":"https:\/\/www.anthealein.de\/index.php?rest_route=%2Fwp%2Fv2%2Fmedia&parent=13628"}],"wp:term":[{"taxonomy":"category","embeddable":true,"href":"https:\/\/www.anthealein.de\/index.php?rest_route=%2Fwp%2Fv2%2Fcategories&post=13628"},{"taxonomy":"post_tag","embeddable":true,"href":"https:\/\/www.anthealein.de\/index.php?rest_route=%2Fwp%2Fv2%2Ftags&post=13628"}],"curies":[{"name":"wp","href":"https:\/\/api.w.org\/{rel}","templated":true}]}}