{"id":13548,"date":"2014-10-15T21:19:07","date_gmt":"2014-10-15T19:19:07","guid":{"rendered":"http:\/\/www.anthealein.de\/?p=13548"},"modified":"2014-10-15T21:19:08","modified_gmt":"2014-10-15T19:19:08","slug":"manche-probleme","status":"publish","type":"post","link":"https:\/\/www.anthealein.de\/?p=13548","title":{"rendered":"Manche &ldquo;Probleme&rdquo; &hellip;"},"content":{"rendered":"<p>&#160;<\/p>\n<p align=\"justify\">\u2026 l\u00f6sen sich von ganz alleine. Seit Schulstart haben wir Diskussionen mit Lenas Lehrer, mit den Betreuungskr\u00e4ften der Schule und den Betreuungskr\u00e4ften der EFB. Montag hab ich dann den geforderten Brief abgegeben, der \u2013 nebenbei &#8211; v\u00f6lliger Bl\u00f6dsinn ist\/war. Kein Elternpaar au\u00dfer uns muss der Schule schriftlich geben, das ihr Kind das Schulgel\u00e4nde nach Schulende verlassen darf. Und das nur, weil die Schule es die ersten Tage nicht gebacken bekommen hat, der Aufsichtspflicht nachzukommen und Lena eine Stunde zu fr\u00fch nach Hause geschickt wurde die ersten beiden Tage. Aber gut. Brief geschrieben und gestern ist Lena das erste Mal alleine zur richtigen Zeit los gelaufen. Sa\u00df am Brunnen auf dem Boden (ja, da stehen auch B\u00e4nke) und machte ihre Hausaufgaben, als ich kam. <\/p>\n<p align=\"justify\">Heute wartete sie auch am Brunnen. Allerdings v\u00f6llig vertieft mit einem M\u00e4dchen am quatschen und dabei irgendwas am Boden untersuchend. Das M\u00e4dchen, so stellte sich heraus, ist in ihrer Parallelklasse. Wohnt gegen\u00fcber vom Brunnen (\u201cMama, darf ich L. besuchen gehen? Darf ich? Darf ich?\u201d) und ihre Mama hat praktisch das gleiche Problem wie ich und kommt auch erst kurz nach 13 Uhr nach Hause. Einig waren wir uns sofort, das es uns lieber ist, wenn die M\u00e4dchen zusammen laufen. Falls Lena n\u00e4chste Woche also nicht am Brunnen auf mich wartet: gegen\u00fcber klingeln gehen <img decoding=\"async\" class=\"wlEmoticon wlEmoticon-winkingsmile\" style=\"border-top-style: none; border-bottom-style: none; border-right-style: none; border-left-style: none\" alt=\"Zwinkerndes Smiley\" src=\"http:\/\/www.anthealein.de\/wp-content\/uploads\/2014\/10\/wlEmoticon-winkingsmile5.png\" \/> . <\/p>\n<p align=\"justify\">&#160;<\/p>\n<p align=\"justify\">Bei der Ergotherapie gab es auch gute Nachrichten heute. Lenas Ergotherapeutin war bei Therapiebeginn vor ein paar Wochen eher skeptisch, was Lenas Einschulung anging. Zu unkonzentriert, zu flippig, zu chaotisch und leicht ablenkbar erschien ihr Lena. Und Stunden wurden alleine damit verbracht, Lena das \u201crichtige\u201d Ausmalen zu zeigen. Nun hatten wir ja ein paar Wochen Pause, weil ich erst wieder einen Kinderarzttermin brauchte. Nach der Stunde zeigte Lena mir stolz ihre \u201cHausaufgabe\u201d und A., ihre Therapeutin, zeigte mir nicht weniger stolz die Aufgabe, die sie heute w\u00e4hrend der Stunde gemacht haben. Und kommentierte, das Lena ein ganz anderes Kind w\u00e4re als noch ein paar Wochen zuvor und das die Einschulung wohl doch die richtige Entscheidung war (Wasser auf meinen M\u00fchlen *g*).&#160; So etwas h\u00f6rt man doch gerne <img decoding=\"async\" class=\"wlEmoticon wlEmoticon-openmouthedsmile\" style=\"border-top-style: none; border-bottom-style: none; border-right-style: none; border-left-style: none\" alt=\"Smiley mit ge\u00f6ffnetem Mund\" src=\"http:\/\/www.anthealein.de\/wp-content\/uploads\/2014\/10\/wlEmoticon-openmouthedsmile1.png\" \/>.<\/p>\n<p align=\"justify\">&#160;<\/p>\n<p align=\"center\"><a href=\"http:\/\/www.anthealein.de\/wp-content\/uploads\/2014\/10\/15102014.jpg\"><img loading=\"lazy\" decoding=\"async\" title=\"15102014\" style=\"border-top: 0px; border-right: 0px; background-image: none; border-bottom: 0px; padding-top: 0px; padding-left: 0px; border-left: 0px; display: inline; padding-right: 0px\" border=\"0\" alt=\"15102014\" src=\"http:\/\/www.anthealein.de\/wp-content\/uploads\/2014\/10\/15102014_thumb.jpg\" width=\"404\" height=\"504\" \/><\/a><\/p>\n<p align=\"center\">&#160;<\/p>\n<p align=\"left\">Lena heute: \u201cK\u00f6nnt ihr euch mal eine richtige Uhr kaufen?\u201d. (Digitalanzeige gilt nicht als \u201crichtig\u201d)<\/p>\n","protected":false},"excerpt":{"rendered":"<p>&#160; \u2026 l\u00f6sen sich von ganz alleine. Seit Schulstart haben wir Diskussionen mit Lenas Lehrer, mit den Betreuungskr\u00e4ften der Schule und den Betreuungskr\u00e4ften der EFB. Montag hab ich dann den geforderten Brief abgegeben, der \u2013 nebenbei &#8211; v\u00f6lliger Bl\u00f6dsinn ist\/war. Kein Elternpaar au\u00dfer uns muss der Schule schriftlich geben, das ihr Kind das Schulgel\u00e4nde nach [&hellip;]<\/p>\n","protected":false},"author":1,"featured_media":0,"comment_status":"open","ping_status":"open","sticky":false,"template":"","format":"standard","meta":{"footnotes":""},"categories":[3],"tags":[],"class_list":["post-13548","post","type-post","status-publish","format-standard","hentry","category-alles-mogliche"],"_links":{"self":[{"href":"https:\/\/www.anthealein.de\/index.php?rest_route=\/wp\/v2\/posts\/13548","targetHints":{"allow":["GET"]}}],"collection":[{"href":"https:\/\/www.anthealein.de\/index.php?rest_route=\/wp\/v2\/posts"}],"about":[{"href":"https:\/\/www.anthealein.de\/index.php?rest_route=\/wp\/v2\/types\/post"}],"author":[{"embeddable":true,"href":"https:\/\/www.anthealein.de\/index.php?rest_route=\/wp\/v2\/users\/1"}],"replies":[{"embeddable":true,"href":"https:\/\/www.anthealein.de\/index.php?rest_route=%2Fwp%2Fv2%2Fcomments&post=13548"}],"version-history":[{"count":1,"href":"https:\/\/www.anthealein.de\/index.php?rest_route=\/wp\/v2\/posts\/13548\/revisions"}],"predecessor-version":[{"id":13549,"href":"https:\/\/www.anthealein.de\/index.php?rest_route=\/wp\/v2\/posts\/13548\/revisions\/13549"}],"wp:attachment":[{"href":"https:\/\/www.anthealein.de\/index.php?rest_route=%2Fwp%2Fv2%2Fmedia&parent=13548"}],"wp:term":[{"taxonomy":"category","embeddable":true,"href":"https:\/\/www.anthealein.de\/index.php?rest_route=%2Fwp%2Fv2%2Fcategories&post=13548"},{"taxonomy":"post_tag","embeddable":true,"href":"https:\/\/www.anthealein.de\/index.php?rest_route=%2Fwp%2Fv2%2Ftags&post=13548"}],"curies":[{"name":"wp","href":"https:\/\/api.w.org\/{rel}","templated":true}]}}