{"id":13458,"date":"2014-10-03T22:38:56","date_gmt":"2014-10-03T20:38:56","guid":{"rendered":"http:\/\/www.anthealein.de\/?p=13458"},"modified":"2014-10-03T22:38:56","modified_gmt":"2014-10-03T20:38:56","slug":"ausschlafen","status":"publish","type":"post","link":"https:\/\/www.anthealein.de\/?p=13458","title":{"rendered":"Ausschlafen &hellip;"},"content":{"rendered":"<p>&#160;<\/p>\n<p align=\"justify\">\u2026 durfte ich heute. Bis 9 Uhr sogar, dann weckten mich die Ger\u00e4usche aus der K\u00fcche und ich hielt es doch f\u00fcr notwendig, mal in Erscheinung zu treten <img decoding=\"async\" class=\"wlEmoticon wlEmoticon-winkingsmile\" style=\"border-top-style: none; border-bottom-style: none; border-right-style: none; border-left-style: none\" alt=\"Zwinkerndes Smiley\" src=\"http:\/\/www.anthealein.de\/wp-content\/uploads\/2014\/10\/wlEmoticon-winkingsmile.png\" \/> . Um 12.30 Uhr verlie\u00df uns Janas \u00dcbernachtungsgast und danach konnten die M\u00e4dchen und ich in Ruhe \u00fcber den Bontekai zum K\u00fcstenmuseum schlendern. Dort gab es eine \u201cPiratenrallye\u201d, die den Kindern sichtlich Spa\u00df machte. Zu Hause stand noch ein wenig malen und essen auf dem Programm. Rainer kam gerade rechtzeitig zum Essen und w\u00e4hrend Jana sich das Feuerwerk vom Balkon aus ansehen wollte, ging der Rest inkl. Rainer zum Bontekai und schaute von dort zu. Morgen holt Opa die Kinder, Chris und ich d\u00fcrfen\/m\u00fcssen arbeiten. Und danach hei\u00dft es: Urlaub <img decoding=\"async\" class=\"wlEmoticon wlEmoticon-smile\" style=\"border-top-style: none; border-bottom-style: none; border-right-style: none; border-left-style: none\" alt=\"Smiley\" src=\"http:\/\/www.anthealein.de\/wp-content\/uploads\/2014\/10\/wlEmoticon-smile.png\" \/>.<\/p>\n<p align=\"justify\">&#160;<\/p>\n<p align=\"center\"><a href=\"http:\/\/www.anthealein.de\/wp-content\/uploads\/2014\/10\/03102014IV.jpg\"><img loading=\"lazy\" decoding=\"async\" title=\"03102014IV\" style=\"border-top: 0px; border-right: 0px; background-image: none; border-bottom: 0px; padding-top: 0px; padding-left: 0px; border-left: 0px; display: inline; padding-right: 0px\" border=\"0\" alt=\"03102014IV\" src=\"http:\/\/www.anthealein.de\/wp-content\/uploads\/2014\/10\/03102014IV_thumb.jpg\" width=\"337\" height=\"504\" \/><\/a><\/p>\n<p align=\"center\">&#160;<\/p>\n<p align=\"center\"><a href=\"http:\/\/www.anthealein.de\/wp-content\/uploads\/2014\/10\/03102014.jpg\"><img loading=\"lazy\" decoding=\"async\" title=\"03102014\" style=\"border-top: 0px; border-right: 0px; background-image: none; border-bottom: 0px; padding-top: 0px; padding-left: 0px; border-left: 0px; display: inline; padding-right: 0px\" border=\"0\" alt=\"03102014\" src=\"http:\/\/www.anthealein.de\/wp-content\/uploads\/2014\/10\/03102014_thumb.jpg\" width=\"504\" height=\"504\" \/><\/a>    <br \/>Mitten in die Mitte <img decoding=\"async\" class=\"wlEmoticon wlEmoticon-smile\" style=\"border-top-style: none; border-bottom-style: none; border-right-style: none; border-left-style: none\" alt=\"Smiley\" src=\"http:\/\/www.anthealein.de\/wp-content\/uploads\/2014\/10\/wlEmoticon-smile.png\" \/><\/p>\n<p align=\"center\">&#160;<\/p>\n<p align=\"center\"><a href=\"http:\/\/www.anthealein.de\/wp-content\/uploads\/2014\/10\/03102014II.jpg\"><img loading=\"lazy\" decoding=\"async\" title=\"03102014II\" style=\"border-top: 0px; border-right: 0px; background-image: none; border-bottom: 0px; padding-top: 0px; padding-left: 0px; border-left: 0px; display: inline; padding-right: 0px\" border=\"0\" alt=\"03102014II\" src=\"http:\/\/www.anthealein.de\/wp-content\/uploads\/2014\/10\/03102014II_thumb.jpg\" width=\"504\" height=\"504\" \/><\/a><\/p>\n<p align=\"center\">&#160;<\/p>\n<p align=\"center\"><a href=\"http:\/\/www.anthealein.de\/wp-content\/uploads\/2014\/10\/03102014III.jpg\"><img loading=\"lazy\" decoding=\"async\" title=\"03102014III\" style=\"border-top: 0px; border-right: 0px; background-image: none; border-bottom: 0px; padding-top: 0px; padding-left: 0px; border-left: 0px; display: inline; padding-right: 0px\" border=\"0\" alt=\"03102014III\" src=\"http:\/\/www.anthealein.de\/wp-content\/uploads\/2014\/10\/03102014III_thumb.jpg\" width=\"504\" height=\"404\" \/><\/a><\/p>\n","protected":false},"excerpt":{"rendered":"<p>&#160; \u2026 durfte ich heute. Bis 9 Uhr sogar, dann weckten mich die Ger\u00e4usche aus der K\u00fcche und ich hielt es doch f\u00fcr notwendig, mal in Erscheinung zu treten . Um 12.30 Uhr verlie\u00df uns Janas \u00dcbernachtungsgast und danach konnten die M\u00e4dchen und ich in Ruhe \u00fcber den Bontekai zum K\u00fcstenmuseum schlendern. Dort gab es [&hellip;]<\/p>\n","protected":false},"author":1,"featured_media":0,"comment_status":"open","ping_status":"open","sticky":false,"template":"","format":"standard","meta":{"footnotes":""},"categories":[3],"tags":[],"class_list":["post-13458","post","type-post","status-publish","format-standard","hentry","category-alles-mogliche"],"_links":{"self":[{"href":"https:\/\/www.anthealein.de\/index.php?rest_route=\/wp\/v2\/posts\/13458","targetHints":{"allow":["GET"]}}],"collection":[{"href":"https:\/\/www.anthealein.de\/index.php?rest_route=\/wp\/v2\/posts"}],"about":[{"href":"https:\/\/www.anthealein.de\/index.php?rest_route=\/wp\/v2\/types\/post"}],"author":[{"embeddable":true,"href":"https:\/\/www.anthealein.de\/index.php?rest_route=\/wp\/v2\/users\/1"}],"replies":[{"embeddable":true,"href":"https:\/\/www.anthealein.de\/index.php?rest_route=%2Fwp%2Fv2%2Fcomments&post=13458"}],"version-history":[{"count":1,"href":"https:\/\/www.anthealein.de\/index.php?rest_route=\/wp\/v2\/posts\/13458\/revisions"}],"predecessor-version":[{"id":13459,"href":"https:\/\/www.anthealein.de\/index.php?rest_route=\/wp\/v2\/posts\/13458\/revisions\/13459"}],"wp:attachment":[{"href":"https:\/\/www.anthealein.de\/index.php?rest_route=%2Fwp%2Fv2%2Fmedia&parent=13458"}],"wp:term":[{"taxonomy":"category","embeddable":true,"href":"https:\/\/www.anthealein.de\/index.php?rest_route=%2Fwp%2Fv2%2Fcategories&post=13458"},{"taxonomy":"post_tag","embeddable":true,"href":"https:\/\/www.anthealein.de\/index.php?rest_route=%2Fwp%2Fv2%2Ftags&post=13458"}],"curies":[{"name":"wp","href":"https:\/\/api.w.org\/{rel}","templated":true}]}}