{"id":13432,"date":"2014-09-29T20:54:22","date_gmt":"2014-09-29T18:54:22","guid":{"rendered":"http:\/\/www.anthealein.de\/?p=13432"},"modified":"2014-09-29T20:54:22","modified_gmt":"2014-09-29T18:54:22","slug":"fragen-die-man-montags-nicht-hren-will","status":"publish","type":"post","link":"https:\/\/www.anthealein.de\/?p=13432","title":{"rendered":"Fragen, die man Montags nicht h&ouml;ren will &hellip;"},"content":{"rendered":"<p align=\"justify\">&#160;<\/p>\n<p align=\"justify\">\u2026 lauten in etwa so: \u201cKommt bei Ihnen in der Familie grauer Star vor?\u201d. Gesichtsfeldmessung war zum wiederholten Male auff\u00e4llig und auch sonst gefiel Frau Doktor der Blick in meine Augen nicht so ganz. Wir hoffen jetzt mal einfach, das die Korti-Gabe im August noch daran schuld ist und kontrollieren in 3 Monaten wieder.&#160; <\/p>\n<p align=\"justify\">Ihr Fazit bei Lena war grunds\u00e4tzlich deutlich besser, aber auch Lena braucht eine Brille mit st\u00e4rkeren Gl\u00e4sern. Urspr\u00fcnglich hatten wir mit der Gl\u00e4serst\u00e4rke angefangen, die sie jetzt bekommen soll und die konnte Lena \u00fcberhaupt nicht tragen, weshalb es dann eine Brille mit \u201cabgespeckten\u201d Werten gab. <\/p>\n<p align=\"justify\">Unser Hausarzt war hingegen mit dem Abstrich von Jana zufrieden und hat ihr jetzt auch etwas zum inhalieren verschrieben. Und damit war der Nachmittag auch mal wieder komplett mit Arztterminen zugepflastert. Gut, das morgen mal nichts auf dem Plan steht <img decoding=\"async\" class=\"wlEmoticon wlEmoticon-openmouthedsmile\" style=\"border-top-style: none; border-bottom-style: none; border-right-style: none; border-left-style: none\" alt=\"Smiley mit ge\u00f6ffnetem Mund\" src=\"http:\/\/www.anthealein.de\/wp-content\/uploads\/2014\/09\/wlEmoticon-openmouthedsmile2.png\" \/>.<\/p>\n<p align=\"justify\">&#160;<\/p>\n<p align=\"center\"><a href=\"http:\/\/www.anthealein.de\/wp-content\/uploads\/2014\/09\/29092014.jpg\"><img loading=\"lazy\" decoding=\"async\" title=\"29092014\" style=\"border-top: 0px; border-right: 0px; background-image: none; border-bottom: 0px; padding-top: 0px; padding-left: 0px; border-left: 0px; display: inline; padding-right: 0px\" border=\"0\" alt=\"29092014\" src=\"http:\/\/www.anthealein.de\/wp-content\/uploads\/2014\/09\/29092014_thumb.jpg\" width=\"504\" height=\"504\" \/><\/a><\/p>\n","protected":false},"excerpt":{"rendered":"<p>&#160; \u2026 lauten in etwa so: \u201cKommt bei Ihnen in der Familie grauer Star vor?\u201d. Gesichtsfeldmessung war zum wiederholten Male auff\u00e4llig und auch sonst gefiel Frau Doktor der Blick in meine Augen nicht so ganz. Wir hoffen jetzt mal einfach, das die Korti-Gabe im August noch daran schuld ist und kontrollieren in 3 Monaten wieder.&#160; [&hellip;]<\/p>\n","protected":false},"author":1,"featured_media":0,"comment_status":"open","ping_status":"open","sticky":false,"template":"","format":"standard","meta":{"footnotes":""},"categories":[3],"tags":[],"class_list":["post-13432","post","type-post","status-publish","format-standard","hentry","category-alles-mogliche"],"_links":{"self":[{"href":"https:\/\/www.anthealein.de\/index.php?rest_route=\/wp\/v2\/posts\/13432","targetHints":{"allow":["GET"]}}],"collection":[{"href":"https:\/\/www.anthealein.de\/index.php?rest_route=\/wp\/v2\/posts"}],"about":[{"href":"https:\/\/www.anthealein.de\/index.php?rest_route=\/wp\/v2\/types\/post"}],"author":[{"embeddable":true,"href":"https:\/\/www.anthealein.de\/index.php?rest_route=\/wp\/v2\/users\/1"}],"replies":[{"embeddable":true,"href":"https:\/\/www.anthealein.de\/index.php?rest_route=%2Fwp%2Fv2%2Fcomments&post=13432"}],"version-history":[{"count":1,"href":"https:\/\/www.anthealein.de\/index.php?rest_route=\/wp\/v2\/posts\/13432\/revisions"}],"predecessor-version":[{"id":13433,"href":"https:\/\/www.anthealein.de\/index.php?rest_route=\/wp\/v2\/posts\/13432\/revisions\/13433"}],"wp:attachment":[{"href":"https:\/\/www.anthealein.de\/index.php?rest_route=%2Fwp%2Fv2%2Fmedia&parent=13432"}],"wp:term":[{"taxonomy":"category","embeddable":true,"href":"https:\/\/www.anthealein.de\/index.php?rest_route=%2Fwp%2Fv2%2Fcategories&post=13432"},{"taxonomy":"post_tag","embeddable":true,"href":"https:\/\/www.anthealein.de\/index.php?rest_route=%2Fwp%2Fv2%2Ftags&post=13432"}],"curies":[{"name":"wp","href":"https:\/\/api.w.org\/{rel}","templated":true}]}}