{"id":13391,"date":"2014-09-22T21:46:25","date_gmt":"2014-09-22T19:46:25","guid":{"rendered":"http:\/\/www.anthealein.de\/?p=13391"},"modified":"2014-09-22T21:46:25","modified_gmt":"2014-09-22T19:46:25","slug":"schn-5","status":"publish","type":"post","link":"https:\/\/www.anthealein.de\/?p=13391","title":{"rendered":"Sch&ouml;n &hellip;"},"content":{"rendered":"<p align=\"justify\">&#160;<\/p>\n<p align=\"justify\">\u2026 ist die neue Praxis unseres Hausarztes. Durfte ich mir heute anschauen, weil Jana immer noch mit Halsschmerzen, Schwindel und Mattheit zu k\u00e4mpfen hat trotz Antibiotika. Abstrichergebnisse gibt es fr\u00fchestens Freitag. Und weil ich doch gerade schon mal da war, hab ich eben auch meine schon l\u00e4nger andauernden Probleme angesprochen. Und schwupps: MRT der LWS steht jetzt auf dem Plan. LWS hatte ich auch schon seit 2004 nicht mehr, kurz vor der Diagnose. Ich bin mal gespannt, was sich da in 10 Jahren getan hat *g*.<\/p>\n<p align=\"justify\">Da wir da zwei Stunden gewartet haben, war unser Nachmittag auch schon vorbei, bevor er eigentlich begonnen hatte und wichtige \u2013 und unwichtige \u2013 Dinge mussten auf morgen verlegt werden. Nicht, das da nicht auch schon Physio und Ballett auf dem Plan st\u00fcnden \u2026<\/p>\n<p align=\"justify\">Hach, was hab ich dieses Jonglieren vermisst \u2026 Aber Jana muss ihren Terminplan ja auch immer vollstopfen. Ab n\u00e4chster Woche Mittwoch 9 Wochen lang: Schule bis 15.30 Uhr. Ballett um 16 Uhr bis 17 Uhr (wird aber eigentlich immer 17.15 Uhr mit umziehen und co. . Und zum guten Schluss Malschule in der EFB von 17.30 Uhr bis 19 Uhr. Zum Gl\u00fcck wird meine Aufgabe wohl \u201cnur\u201d darin bestehen, das Kind vom Ballett zur EFB zu fahren, da f\u00e4hrt dann kein passender Bus. <\/p>\n<p align=\"justify\">&#160;<\/p>\n<p align=\"center\"><a href=\"http:\/\/www.anthealein.de\/wp-content\/uploads\/2014\/09\/22092014.jpg\"><img loading=\"lazy\" decoding=\"async\" title=\"22092014\" style=\"border-top: 0px; border-right: 0px; background-image: none; border-bottom: 0px; padding-top: 0px; padding-left: 0px; border-left: 0px; display: inline; padding-right: 0px\" border=\"0\" alt=\"22092014\" src=\"http:\/\/www.anthealein.de\/wp-content\/uploads\/2014\/09\/22092014_thumb.jpg\" width=\"504\" height=\"504\" \/><\/a><\/p>\n<p align=\"center\">&#160;<\/p>\n<p align=\"center\"><a href=\"http:\/\/www.anthealein.de\/wp-content\/uploads\/2014\/09\/22092014II.jpg\"><img loading=\"lazy\" decoding=\"async\" title=\"22092014II\" style=\"border-top: 0px; border-right: 0px; background-image: none; border-bottom: 0px; padding-top: 0px; padding-left: 0px; border-left: 0px; display: inline; padding-right: 0px\" border=\"0\" alt=\"22092014II\" src=\"http:\/\/www.anthealein.de\/wp-content\/uploads\/2014\/09\/22092014II_thumb.jpg\" width=\"504\" height=\"404\" \/><\/a><\/p>\n","protected":false},"excerpt":{"rendered":"<p>&#160; \u2026 ist die neue Praxis unseres Hausarztes. Durfte ich mir heute anschauen, weil Jana immer noch mit Halsschmerzen, Schwindel und Mattheit zu k\u00e4mpfen hat trotz Antibiotika. Abstrichergebnisse gibt es fr\u00fchestens Freitag. Und weil ich doch gerade schon mal da war, hab ich eben auch meine schon l\u00e4nger andauernden Probleme angesprochen. Und schwupps: MRT der [&hellip;]<\/p>\n","protected":false},"author":1,"featured_media":0,"comment_status":"open","ping_status":"open","sticky":false,"template":"","format":"standard","meta":{"footnotes":""},"categories":[3],"tags":[],"class_list":["post-13391","post","type-post","status-publish","format-standard","hentry","category-alles-mogliche"],"_links":{"self":[{"href":"https:\/\/www.anthealein.de\/index.php?rest_route=\/wp\/v2\/posts\/13391","targetHints":{"allow":["GET"]}}],"collection":[{"href":"https:\/\/www.anthealein.de\/index.php?rest_route=\/wp\/v2\/posts"}],"about":[{"href":"https:\/\/www.anthealein.de\/index.php?rest_route=\/wp\/v2\/types\/post"}],"author":[{"embeddable":true,"href":"https:\/\/www.anthealein.de\/index.php?rest_route=\/wp\/v2\/users\/1"}],"replies":[{"embeddable":true,"href":"https:\/\/www.anthealein.de\/index.php?rest_route=%2Fwp%2Fv2%2Fcomments&post=13391"}],"version-history":[{"count":1,"href":"https:\/\/www.anthealein.de\/index.php?rest_route=\/wp\/v2\/posts\/13391\/revisions"}],"predecessor-version":[{"id":13392,"href":"https:\/\/www.anthealein.de\/index.php?rest_route=\/wp\/v2\/posts\/13391\/revisions\/13392"}],"wp:attachment":[{"href":"https:\/\/www.anthealein.de\/index.php?rest_route=%2Fwp%2Fv2%2Fmedia&parent=13391"}],"wp:term":[{"taxonomy":"category","embeddable":true,"href":"https:\/\/www.anthealein.de\/index.php?rest_route=%2Fwp%2Fv2%2Fcategories&post=13391"},{"taxonomy":"post_tag","embeddable":true,"href":"https:\/\/www.anthealein.de\/index.php?rest_route=%2Fwp%2Fv2%2Ftags&post=13391"}],"curies":[{"name":"wp","href":"https:\/\/api.w.org\/{rel}","templated":true}]}}