{"id":13346,"date":"2014-09-16T21:12:44","date_gmt":"2014-09-16T19:12:44","guid":{"rendered":"http:\/\/www.anthealein.de\/?p=13346"},"modified":"2014-09-16T21:12:44","modified_gmt":"2014-09-16T19:12:44","slug":"das-geht-ja-schon-gut-los","status":"publish","type":"post","link":"https:\/\/www.anthealein.de\/?p=13346","title":{"rendered":"Das geht ja schon gut los &hellip;"},"content":{"rendered":"<blockquote><\/blockquote>\n<p>&#160;<\/p>\n<p align=\"justify\">Jana bekam heute morgen von ihrer Lehrerin zu h\u00f6ren bekam, das sie (also Jana) doch ihre Mutter (also mich) bitten solle, ihr (also Jana) Obst und Gem\u00fcse mit einzupacken. Sie (die Klasse) w\u00fcrden sich gesund ern\u00e4hren wollen. Das Kind hatte ein trockenes, normales Br\u00f6tchen dabei. Kein Fast Food, kein Nutella, keine Milchschnitte oder \u00e4hnlich Zuckerhaltiges. OK, auch kein Vollkornbr\u00f6tchen, aber nichts Gesundheitssch\u00e4dliches. Und irgendwie sehe ich es nicht ein, jeden Tag Obst und Gem\u00fcse in den M\u00fcll zu bef\u00f6rdern, das mein Kind garantiert nicht isst, nur damit die Lehrerin gl\u00fccklich ist, weil Jana es grunds\u00e4tzlich ja h\u00e4tte essen k\u00f6nnen. Jana isst: Paprika, Gurke, Birne (selten), Kiwi (noch seltener), Weintrauben, Erdbeeren, Kirschen, Himbeeren und Brombeeren. Tolle Auswahl. Noch dazu ist Jana 10 Jahre alt. Die l\u00e4sst sich von mir schon lange nichts mehr einpacken *g*. <\/p>\n<p align=\"justify\">&#160;<\/p>\n<p align=\"justify\">Lena hingegen ging heute schnurstracks nach der 4. Stunde aus ihrer Klasse an der Betreuungsperson vorbei und aus der Schule raus. Setzte sich ein paar 100 Meter weiter am Brunnen auf eine Bank und wartete auf mich. Gestern hatten wir ihr erz\u00e4hlt, das sie nach Schulschluss entweder vor der Schule auf mich warten oder halt schon mal in Richtung Heimat laufen k\u00f6nnte und ich w\u00fcrde sie dann wohl sp\u00e4testens am Brunnen schon aufsammeln, bzw. da k\u00f6nnte sie dann auch auf mich warten. Problem an der Sache: ich arbeite bis 13 Uhr, weshalb sie halt NICHT nach der 4. Stunde das Schulgeb\u00e4ude verlassen sollte. Eigentlich sollte sie in die Betreuung bis 12.45 Uhr.<\/p>\n<p align=\"justify\">Zum Gl\u00fcck kam eine Familie vorbei, deren Tochter damals mit Lena im Kindergarten gestartet ist. Leider stellte sich der Kindergarten f\u00fcr das Kind als nicht passend heraus und sie wechselten damals. Leider, weil ich das Kind wirklich mochte und sie sich auch mit Lena gut verstand. Was heute wohl der Grund daf\u00fcr war, das M. ihre Mutter auf Lena aufmerksam machte. M.\u2019s Papa rief mich daraufhin auf der Arbeit an und dazu waren sie so lieb und brachten mir Lena auch noch vorbei. <\/p>\n<p align=\"justify\">Die Schule informierte ich netterweise auch \u00fcber das \u201cVerschwinden\u201d meiner Tochter, die immer noch nicht vermisst wurde und bat darum, die n\u00e4chsten Tage doch bitte darauf zu achten, das Lena wirklich zur Betreuung geht. Das ein Kind abhanden kommt, kann passieren (wenn sie abhauen wollen, dann schaffen Kinder das auch). Aber eigentlich sollte die Betreuungskraft schon wissen, wie viele Kinder sie betreut und vielleicht auch mal durchz\u00e4hlen. <\/p>\n<p align=\"justify\">&#160;<\/p>\n<p align=\"center\"><a href=\"http:\/\/www.anthealein.de\/wp-content\/uploads\/2014\/09\/16092014.jpg\"><img loading=\"lazy\" decoding=\"async\" title=\"16092014\" style=\"border-top: 0px; border-right: 0px; background-image: none; border-bottom: 0px; padding-top: 0px; padding-left: 0px; border-left: 0px; display: inline; padding-right: 0px\" border=\"0\" alt=\"16092014\" src=\"http:\/\/www.anthealein.de\/wp-content\/uploads\/2014\/09\/16092014_thumb.jpg\" width=\"504\" height=\"504\" \/><\/a><\/p>\n","protected":false},"excerpt":{"rendered":"<p>&#160; Jana bekam heute morgen von ihrer Lehrerin zu h\u00f6ren bekam, das sie (also Jana) doch ihre Mutter (also mich) bitten solle, ihr (also Jana) Obst und Gem\u00fcse mit einzupacken. Sie (die Klasse) w\u00fcrden sich gesund ern\u00e4hren wollen. Das Kind hatte ein trockenes, normales Br\u00f6tchen dabei. Kein Fast Food, kein Nutella, keine Milchschnitte oder \u00e4hnlich [&hellip;]<\/p>\n","protected":false},"author":1,"featured_media":0,"comment_status":"open","ping_status":"open","sticky":false,"template":"","format":"standard","meta":{"footnotes":""},"categories":[3],"tags":[],"class_list":["post-13346","post","type-post","status-publish","format-standard","hentry","category-alles-mogliche"],"_links":{"self":[{"href":"https:\/\/www.anthealein.de\/index.php?rest_route=\/wp\/v2\/posts\/13346","targetHints":{"allow":["GET"]}}],"collection":[{"href":"https:\/\/www.anthealein.de\/index.php?rest_route=\/wp\/v2\/posts"}],"about":[{"href":"https:\/\/www.anthealein.de\/index.php?rest_route=\/wp\/v2\/types\/post"}],"author":[{"embeddable":true,"href":"https:\/\/www.anthealein.de\/index.php?rest_route=\/wp\/v2\/users\/1"}],"replies":[{"embeddable":true,"href":"https:\/\/www.anthealein.de\/index.php?rest_route=%2Fwp%2Fv2%2Fcomments&post=13346"}],"version-history":[{"count":1,"href":"https:\/\/www.anthealein.de\/index.php?rest_route=\/wp\/v2\/posts\/13346\/revisions"}],"predecessor-version":[{"id":13347,"href":"https:\/\/www.anthealein.de\/index.php?rest_route=\/wp\/v2\/posts\/13346\/revisions\/13347"}],"wp:attachment":[{"href":"https:\/\/www.anthealein.de\/index.php?rest_route=%2Fwp%2Fv2%2Fmedia&parent=13346"}],"wp:term":[{"taxonomy":"category","embeddable":true,"href":"https:\/\/www.anthealein.de\/index.php?rest_route=%2Fwp%2Fv2%2Fcategories&post=13346"},{"taxonomy":"post_tag","embeddable":true,"href":"https:\/\/www.anthealein.de\/index.php?rest_route=%2Fwp%2Fv2%2Ftags&post=13346"}],"curies":[{"name":"wp","href":"https:\/\/api.w.org\/{rel}","templated":true}]}}