{"id":13058,"date":"2014-08-24T21:36:02","date_gmt":"2014-08-24T19:36:02","guid":{"rendered":"http:\/\/www.anthealein.de\/?p=13058"},"modified":"2014-08-24T21:36:02","modified_gmt":"2014-08-24T19:36:02","slug":"geht-doch-g","status":"publish","type":"post","link":"https:\/\/www.anthealein.de\/?p=13058","title":{"rendered":"Geht doch *g* &hellip;"},"content":{"rendered":"<p align=\"justify\">&#160;<\/p>\n<p align=\"justify\">Kleiderschrank Nummer 2 wurde aufger\u00e4umt und ausgemistet. Lenas Kleiderschrank. So ein kleiner mit zwei T\u00fcren von Ikea aus der Kinderzimmerreihe. Herausgeholt hab ich einen gut 3\/4tel gef\u00fcllten gro\u00dfen blauen M\u00fcllsack. Und die Regale + Kleiderstange sind immer noch gut gef\u00fcllt. Ich schw\u00f6re, unsere Kleiderschr\u00e4nke erinnern mich gelegentlich an Mary Poppins Tasche. Oder an das Inventar von Guybrush Threepwood. Angesichts der Funde (Inliner? Springseil? Autosonnenschutz?) wohl eher an Guybrush *lach*. Nachdem Kleiderschrank und der normale Haushalt erledigt waren, haben die Kinder und ich uns noch spontan ins Auto geworfen und sind zum Minigolfplatz gefahren. Was erst mal eine nicht so gute Idee war, weil uns direkt ein Wolkenschauer erwartete. Aber danach ging es und wir waren fast 2 Stunden gut besch\u00e4ftigt <img decoding=\"async\" class=\"wlEmoticon wlEmoticon-smile\" style=\"border-top-style: none; border-bottom-style: none; border-right-style: none; border-left-style: none\" alt=\"Smiley\" src=\"http:\/\/www.anthealein.de\/wp-content\/uploads\/2014\/08\/wlEmoticon-smile5.png\" \/> . <\/p>\n<p align=\"justify\">Morgen auf dem Plan: Ikea, Bahlsen und Physio. Mit Valeska (die ersten beiden Orte) <img decoding=\"async\" class=\"wlEmoticon wlEmoticon-openmouthedsmile\" style=\"border-top-style: none; border-bottom-style: none; border-right-style: none; border-left-style: none\" alt=\"Smiley mit ge\u00f6ffnetem Mund\" src=\"http:\/\/www.anthealein.de\/wp-content\/uploads\/2014\/08\/wlEmoticon-openmouthedsmile6.png\" \/>. <\/p>\n<p align=\"justify\">&#160;<\/p>\n<p align=\"center\"><a href=\"http:\/\/www.anthealein.de\/wp-content\/uploads\/2014\/08\/24082014.jpg\"><img loading=\"lazy\" decoding=\"async\" title=\"24082014\" style=\"border-top: 0px; border-right: 0px; background-image: none; border-bottom: 0px; padding-top: 0px; padding-left: 0px; border-left: 0px; display: inline; padding-right: 0px\" border=\"0\" alt=\"24082014\" src=\"http:\/\/www.anthealein.de\/wp-content\/uploads\/2014\/08\/24082014_thumb.jpg\" width=\"504\" height=\"504\" \/><\/a><\/p>\n<p align=\"center\">&#160;<\/p>\n<p align=\"center\"><a href=\"http:\/\/www.anthealein.de\/wp-content\/uploads\/2014\/08\/24082014II.jpg\"><img loading=\"lazy\" decoding=\"async\" title=\"24082014II\" style=\"border-top: 0px; border-right: 0px; background-image: none; border-bottom: 0px; padding-top: 0px; padding-left: 0px; border-left: 0px; display: inline; padding-right: 0px\" border=\"0\" alt=\"24082014II\" src=\"http:\/\/www.anthealein.de\/wp-content\/uploads\/2014\/08\/24082014II_thumb.jpg\" width=\"504\" height=\"504\" \/><\/a><\/p>\n<p align=\"center\">&#160;<\/p>\n<p align=\"center\"><a href=\"http:\/\/www.anthealein.de\/wp-content\/uploads\/2014\/08\/24082014III.jpg\"><img loading=\"lazy\" decoding=\"async\" title=\"24082014III\" style=\"border-top: 0px; border-right: 0px; background-image: none; border-bottom: 0px; padding-top: 0px; padding-left: 0px; border-left: 0px; display: inline; padding-right: 0px\" border=\"0\" alt=\"24082014III\" src=\"http:\/\/www.anthealein.de\/wp-content\/uploads\/2014\/08\/24082014III_thumb.jpg\" width=\"504\" height=\"504\" \/><\/a><\/p>\n<p align=\"center\">&#160;<\/p>\n<p align=\"center\"><a href=\"http:\/\/www.anthealein.de\/wp-content\/uploads\/2014\/08\/24082014IV.jpg\"><img loading=\"lazy\" decoding=\"async\" title=\"24082014IV\" style=\"border-top: 0px; border-right: 0px; background-image: none; border-bottom: 0px; padding-top: 0px; padding-left: 0px; border-left: 0px; display: inline; padding-right: 0px\" border=\"0\" alt=\"24082014IV\" src=\"http:\/\/www.anthealein.de\/wp-content\/uploads\/2014\/08\/24082014IV_thumb.jpg\" width=\"504\" height=\"504\" \/><\/a><\/p>\n","protected":false},"excerpt":{"rendered":"<p>&#160; Kleiderschrank Nummer 2 wurde aufger\u00e4umt und ausgemistet. Lenas Kleiderschrank. So ein kleiner mit zwei T\u00fcren von Ikea aus der Kinderzimmerreihe. Herausgeholt hab ich einen gut 3\/4tel gef\u00fcllten gro\u00dfen blauen M\u00fcllsack. Und die Regale + Kleiderstange sind immer noch gut gef\u00fcllt. Ich schw\u00f6re, unsere Kleiderschr\u00e4nke erinnern mich gelegentlich an Mary Poppins Tasche. Oder an das [&hellip;]<\/p>\n","protected":false},"author":1,"featured_media":0,"comment_status":"open","ping_status":"open","sticky":false,"template":"","format":"standard","meta":{"footnotes":""},"categories":[3],"tags":[],"class_list":["post-13058","post","type-post","status-publish","format-standard","hentry","category-alles-mogliche"],"_links":{"self":[{"href":"https:\/\/www.anthealein.de\/index.php?rest_route=\/wp\/v2\/posts\/13058","targetHints":{"allow":["GET"]}}],"collection":[{"href":"https:\/\/www.anthealein.de\/index.php?rest_route=\/wp\/v2\/posts"}],"about":[{"href":"https:\/\/www.anthealein.de\/index.php?rest_route=\/wp\/v2\/types\/post"}],"author":[{"embeddable":true,"href":"https:\/\/www.anthealein.de\/index.php?rest_route=\/wp\/v2\/users\/1"}],"replies":[{"embeddable":true,"href":"https:\/\/www.anthealein.de\/index.php?rest_route=%2Fwp%2Fv2%2Fcomments&post=13058"}],"version-history":[{"count":1,"href":"https:\/\/www.anthealein.de\/index.php?rest_route=\/wp\/v2\/posts\/13058\/revisions"}],"predecessor-version":[{"id":13059,"href":"https:\/\/www.anthealein.de\/index.php?rest_route=\/wp\/v2\/posts\/13058\/revisions\/13059"}],"wp:attachment":[{"href":"https:\/\/www.anthealein.de\/index.php?rest_route=%2Fwp%2Fv2%2Fmedia&parent=13058"}],"wp:term":[{"taxonomy":"category","embeddable":true,"href":"https:\/\/www.anthealein.de\/index.php?rest_route=%2Fwp%2Fv2%2Fcategories&post=13058"},{"taxonomy":"post_tag","embeddable":true,"href":"https:\/\/www.anthealein.de\/index.php?rest_route=%2Fwp%2Fv2%2Ftags&post=13058"}],"curies":[{"name":"wp","href":"https:\/\/api.w.org\/{rel}","templated":true}]}}