{"id":12879,"date":"2014-08-02T21:49:16","date_gmt":"2014-08-02T19:49:16","guid":{"rendered":"http:\/\/www.anthealein.de\/?p=12879"},"modified":"2014-08-02T21:50:36","modified_gmt":"2014-08-02T19:50:36","slug":"taschentcher","status":"publish","type":"post","link":"https:\/\/www.anthealein.de\/?p=12879","title":{"rendered":"Taschent&uuml;cher &hellip;"},"content":{"rendered":"<p align=\"justify\">&#160;<\/p>\n<p align=\"justify\">\u2026 brauchte ich heute h\u00f6chstens zum Nase putzen. Der \u201cAbschied\u201d vom Kindergarten war kurz und schmerzlos, nur der nochmalige Abschied von S. war ein wenig traurig. Aber wir werden hin und her mailen <img decoding=\"async\" class=\"wlEmoticon wlEmoticon-smile\" style=\"border-top-style: none; border-bottom-style: none; border-right-style: none; border-left-style: none\" alt=\"Smiley\" src=\"http:\/\/www.anthealein.de\/wp-content\/uploads\/2014\/08\/wlEmoticon-smile.png\" \/>. C., Janas Kinderg\u00e4rtnerin hatte ich Dienstag anl\u00e4sslich der Verabschiedung von der Grundschule angemailt und heute kam sie auch zum Sommerfest. Was Jana die ganze Zeit getan hat, ist unschwer zu erraten. Ich hoffe, das C. heute Abend noch ihre Ohren benutzen kann *g*. <\/p>\n<p>&#160;<\/p>\n<p align=\"center\"><a href=\"http:\/\/www.anthealein.de\/wp-content\/uploads\/2014\/08\/02082014VI.jpg\"><img loading=\"lazy\" decoding=\"async\" title=\"02082014VI\" style=\"border-top: 0px; border-right: 0px; background-image: none; border-bottom: 0px; padding-top: 0px; padding-left: 0px; border-left: 0px; display: inline; padding-right: 0px\" border=\"0\" alt=\"02082014VI\" src=\"http:\/\/www.anthealein.de\/wp-content\/uploads\/2014\/08\/02082014VI_thumb.jpg\" width=\"504\" height=\"504\" \/><\/a>    <br \/>Auf dem Weg in die Stadt (Jana, Lena + Chris) und zur Arbeit (ich) heute morgen<\/p>\n<p align=\"center\">&#160;<\/p>\n<p align=\"center\"><a href=\"http:\/\/www.anthealein.de\/wp-content\/uploads\/2014\/08\/02082014VII.jpg\"><img loading=\"lazy\" decoding=\"async\" title=\"02082014VII\" style=\"border-top: 0px; border-right: 0px; background-image: none; border-bottom: 0px; padding-top: 0px; padding-left: 0px; border-left: 0px; display: inline; padding-right: 0px\" border=\"0\" alt=\"02082014VII\" src=\"http:\/\/www.anthealein.de\/wp-content\/uploads\/2014\/08\/02082014VII_thumb.jpg\" width=\"504\" height=\"504\" \/><\/a>    <br \/>Eine Pflanze im B\u00fcro einer Kollegin. Find ich total sch\u00f6n, das Pfl\u00e4nzchen.<\/p>\n<p align=\"center\">&#160;<\/p>\n<p align=\"center\"><a href=\"http:\/\/www.anthealein.de\/wp-content\/uploads\/2014\/08\/02082014.jpg\"><img loading=\"lazy\" decoding=\"async\" title=\"02082014\" style=\"border-top: 0px; border-right: 0px; background-image: none; border-bottom: 0px; padding-top: 0px; padding-left: 0px; border-left: 0px; display: inline; padding-right: 0px\" border=\"0\" alt=\"02082014\" src=\"http:\/\/www.anthealein.de\/wp-content\/uploads\/2014\/08\/02082014_thumb.jpg\" width=\"504\" height=\"504\" \/><\/a>    <br \/>Jana hat Lena die Haare gemacht und neben zig Haarspangen min. eine halbe Dose Haarspray dazu gebraucht. <\/p>\n<p align=\"center\">&#160;<\/p>\n<p align=\"center\"><a href=\"http:\/\/www.anthealein.de\/wp-content\/uploads\/2014\/08\/02082014II.jpg\"><img loading=\"lazy\" decoding=\"async\" title=\"02082014II\" style=\"border-top: 0px; border-right: 0px; background-image: none; border-bottom: 0px; padding-top: 0px; padding-left: 0px; border-left: 0px; display: inline; padding-right: 0px\" border=\"0\" alt=\"02082014II\" src=\"http:\/\/www.anthealein.de\/wp-content\/uploads\/2014\/08\/02082014II_thumb.jpg\" width=\"504\" height=\"504\" \/><\/a><\/p>\n<p align=\"center\">&#160;<\/p>\n<p align=\"center\"><a href=\"http:\/\/www.anthealein.de\/wp-content\/uploads\/2014\/08\/02082014III.jpg\"><img loading=\"lazy\" decoding=\"async\" title=\"02082014III\" style=\"border-top: 0px; border-right: 0px; background-image: none; border-bottom: 0px; padding-top: 0px; padding-left: 0px; border-left: 0px; display: inline; padding-right: 0px\" border=\"0\" alt=\"02082014III\" src=\"http:\/\/www.anthealein.de\/wp-content\/uploads\/2014\/08\/02082014III_thumb.jpg\" width=\"504\" height=\"504\" \/><\/a><\/p>\n<p align=\"center\">&#160;<\/p>\n<p align=\"center\"><a href=\"http:\/\/www.anthealein.de\/wp-content\/uploads\/2014\/08\/02082014IV.jpg\"><img loading=\"lazy\" decoding=\"async\" title=\"02082014IV\" style=\"border-top: 0px; border-right: 0px; background-image: none; border-bottom: 0px; padding-top: 0px; padding-left: 0px; border-left: 0px; display: inline; padding-right: 0px\" border=\"0\" alt=\"02082014IV\" src=\"http:\/\/www.anthealein.de\/wp-content\/uploads\/2014\/08\/02082014IV_thumb.jpg\" width=\"504\" height=\"504\" \/><\/a>    <br \/>Pucki <img decoding=\"async\" class=\"wlEmoticon wlEmoticon-winkingsmile\" style=\"border-top-style: none; border-bottom-style: none; border-right-style: none; border-left-style: none\" alt=\"Zwinkerndes Smiley\" src=\"http:\/\/www.anthealein.de\/wp-content\/uploads\/2014\/08\/wlEmoticon-winkingsmile.png\" \/>. In einem der seltenen Momente ohne ihre C..<\/p>\n<p align=\"center\">&#160;<\/p>\n<p align=\"center\"><a href=\"http:\/\/www.anthealein.de\/wp-content\/uploads\/2014\/08\/02082014V.jpg\"><img loading=\"lazy\" decoding=\"async\" title=\"02082014V\" style=\"border-top: 0px; border-right: 0px; background-image: none; border-bottom: 0px; padding-top: 0px; padding-left: 0px; border-left: 0px; display: inline; padding-right: 0px\" border=\"0\" alt=\"02082014V\" src=\"http:\/\/www.anthealein.de\/wp-content\/uploads\/2014\/08\/02082014V_thumb.jpg\" width=\"504\" height=\"304\" \/><\/a>    <br \/>Und damit w\u00e4re es dann jetzt endg\u00fcltig offiziell. So. Ergotherapie beginnt am Dienstag <img decoding=\"async\" class=\"wlEmoticon wlEmoticon-smile\" style=\"border-top-style: none; border-bottom-style: none; border-right-style: none; border-left-style: none\" alt=\"Smiley\" src=\"http:\/\/www.anthealein.de\/wp-content\/uploads\/2014\/08\/wlEmoticon-smile.png\" \/>.<\/p>\n","protected":false},"excerpt":{"rendered":"<p>&#160; \u2026 brauchte ich heute h\u00f6chstens zum Nase putzen. Der \u201cAbschied\u201d vom Kindergarten war kurz und schmerzlos, nur der nochmalige Abschied von S. war ein wenig traurig. Aber wir werden hin und her mailen . C., Janas Kinderg\u00e4rtnerin hatte ich Dienstag anl\u00e4sslich der Verabschiedung von der Grundschule angemailt und heute kam sie auch zum Sommerfest. [&hellip;]<\/p>\n","protected":false},"author":1,"featured_media":0,"comment_status":"open","ping_status":"open","sticky":false,"template":"","format":"standard","meta":{"footnotes":""},"categories":[3],"tags":[],"class_list":["post-12879","post","type-post","status-publish","format-standard","hentry","category-alles-mogliche"],"_links":{"self":[{"href":"https:\/\/www.anthealein.de\/index.php?rest_route=\/wp\/v2\/posts\/12879","targetHints":{"allow":["GET"]}}],"collection":[{"href":"https:\/\/www.anthealein.de\/index.php?rest_route=\/wp\/v2\/posts"}],"about":[{"href":"https:\/\/www.anthealein.de\/index.php?rest_route=\/wp\/v2\/types\/post"}],"author":[{"embeddable":true,"href":"https:\/\/www.anthealein.de\/index.php?rest_route=\/wp\/v2\/users\/1"}],"replies":[{"embeddable":true,"href":"https:\/\/www.anthealein.de\/index.php?rest_route=%2Fwp%2Fv2%2Fcomments&post=12879"}],"version-history":[{"count":2,"href":"https:\/\/www.anthealein.de\/index.php?rest_route=\/wp\/v2\/posts\/12879\/revisions"}],"predecessor-version":[{"id":12881,"href":"https:\/\/www.anthealein.de\/index.php?rest_route=\/wp\/v2\/posts\/12879\/revisions\/12881"}],"wp:attachment":[{"href":"https:\/\/www.anthealein.de\/index.php?rest_route=%2Fwp%2Fv2%2Fmedia&parent=12879"}],"wp:term":[{"taxonomy":"category","embeddable":true,"href":"https:\/\/www.anthealein.de\/index.php?rest_route=%2Fwp%2Fv2%2Fcategories&post=12879"},{"taxonomy":"post_tag","embeddable":true,"href":"https:\/\/www.anthealein.de\/index.php?rest_route=%2Fwp%2Fv2%2Ftags&post=12879"}],"curies":[{"name":"wp","href":"https:\/\/api.w.org\/{rel}","templated":true}]}}