{"id":12852,"date":"2014-07-30T22:00:50","date_gmt":"2014-07-30T20:00:50","guid":{"rendered":"http:\/\/www.anthealein.de\/?p=12852"},"modified":"2014-07-30T22:04:11","modified_gmt":"2014-07-30T20:04:11","slug":"ein-einziges-tal-der-trnen","status":"publish","type":"post","link":"https:\/\/www.anthealein.de\/?p=12852","title":{"rendered":"Ein einziges Tal der Tr&auml;nen &hellip;"},"content":{"rendered":"<p align=\"justify\">&#160;<\/p>\n<p align=\"justify\">\u2026 war die Verabschiedung von der Grundschule heute. <\/p>\n<p align=\"justify\">Heute morgen fuhren wir gemeinsam zur Schule, nachdem wir Lena im Kindergarten abgesetzt hatten. Rauchten noch mit den anderen Eltern eine Zigarette und gingen dann fr\u00fch in die Aula zur Abschiedsveranstaltung. Ich hielt da noch tapfer durch und auch die Kinder hielten sich gut. Die j\u00fcngeren Kinder f\u00fchrten was auf, der Direktor hielt die erste Ansprache (bei der bei mir dann schon die ersten Tr\u00e4nen kullerten angesichts der Erinnerungen an den Tag der Einschulung auf den er zu sprechen kam) und es wurden Sportabzeichen verteilt (Jana hat gestern noch ihr Silber gemacht u.a.). <\/p>\n<p align=\"justify\">Ganz langsam kamen wir zum eigentlich \u2013 f\u00fcr die Kinder \u2013 wichtigen Teil. Die 4a sang ein Lied f\u00fcr ihren Lehrer und dann gingen Jana, A., J. und M. auf die B\u00fchne. Jana durfte auch relativ schnell wieder abgehen, w\u00e4hrend die anderen weiter tanzten. Sammelte ihre Klassenkameraden nach einiger Zeit ein und die gesamte Klasse tanzte wild auf der B\u00fchne herum. Ein paar holten ihren Lehrer, einer ging einen Stuhl holen, Zettel wurden verteilt. Herr L. wurde auf dem Stuhl vor seiner Klasse positioniert und die Klasse hielt die Zettel hoch, die A. und Jana am Sonntag gemacht hatten. Bei uns Eltern war eigentlich da schon Taschentuchpflicht, die Kinder hielten noch tapfer durch, bis Chris auf der B\u00fchne war und mit seiner Ansprache begann. A. + A. fielen sich heulend in die Arme, Jana kam tr\u00f6stend dazu und ab da war eigentlich bei allen Kindern bis zum Ende nur noch weinen angesagt. Au\u00dfer bei der 4. A. (*g*). Die vergoss bis zum Ende nicht eine einzige Tr\u00e4ne. <\/p>\n<p align=\"justify\">Die 4c hatte auch noch ihren Auftritt, aber da bekamen unsere M\u00e4dchen schon nicht mehr so viel von mit. Danach erneut eine kurze Ansprache und zum allerletzten Mal ging es auf den Pausenhof. Tapfer hab ich versucht, von dem Kleeblatt (A., A., A. und Jana) ein Bild f\u00fcr C., ihre ehemalige Kinderg\u00e4rtnerin zu machen. \u00dcber 7 Jahre waren die M\u00e4dchen jetzt zusammen, nun trennen sich die Wege. Die eine A. geht aufs NGW, die zweite A. in die Orchesterklasse auf der IGS und nur die dritte A. wird mit Jana in eine Klasse kommen. Auch die vierte A. der Klasse, die erst in der 1. Klasse dazu gesto\u00dfen ist, hat leider keinen Platz auf der IGS bekommen und wird in F-Groden zur Schule gehen m\u00fcssen.<\/p>\n<p align=\"justify\">Ich bin gespannt, wie lange die M\u00e4dchen den Kontakt halten. <\/p>\n<p align=\"justify\">Um kurz nach 11 Uhr haben wir uns schlie\u00dflich von der Schule getrennt. Wir werden in ein paar Wochen wieder da sein, was uns den Abschied ein wenig erleichterte. <\/p>\n<p align=\"justify\">Heute Nachmittag musste dann eingekauft werden, Jana durfte sich in der Nordseepassage ihr gewonnenes Buch abholen und danach fuhr Chris noch mit den Kindern und A. schwimmen. <\/p>\n<p align=\"justify\">&#160;<\/p>\n<p align=\"justify\">So. Der erste, richtig gro\u00dfe Abschied ist geschafft. Die n\u00e4chsten Abschiede folgen Samstag. Da wird Chris Abends noch mal zum Elternstammtisch von Janas Klasse gehen. Und der Kiga feiert das Sommerfest, auf dem offiziell die rote Gruppe \u201centlassen\u201d wird und f\u00fcr das Lenas Kinderg\u00e4rtnerin extra noch mal angereist kommt aus ihrem neuen Wohnort, um sich endg\u00fcltig von den Kindern zu verabschieden. Und schwupps, kommen mir schon beim Gedanken daran die Tr\u00e4nen *seufz*, zumal wir ein Geschenk f\u00fcr sie haben, das sie lieben wird. Samstag also auch: Taschentuchpflicht.<\/p>\n<p align=\"justify\">&#160;<\/p>\n<p align=\"center\"><a href=\"http:\/\/www.anthealein.de\/wp-content\/uploads\/2014\/07\/30072014II.jpg\"><img loading=\"lazy\" decoding=\"async\" title=\"30072014II\" style=\"border-top: 0px; border-right: 0px; background-image: none; border-bottom: 0px; padding-top: 0px; padding-left: 0px; border-left: 0px; display: inline; padding-right: 0px\" border=\"0\" alt=\"30072014II\" src=\"http:\/\/www.anthealein.de\/wp-content\/uploads\/2014\/07\/30072014II_thumb.jpg\" width=\"304\" height=\"504\" \/><\/a>    <br \/>Eigentlich h\u00e4tte ich gerne ein Bild von Jana gehabt auf dem Schulhof. So f\u00fcr die Gegen\u00fcberstellung Einschulung \u2013 Entlassung. Da hat sie aber nicht mitgespielt. Vertr\u00f6stet wurde ich auf die Einschulung an der IGS. Da k\u00f6nne ich dann ja ein Foto machen *grummel*. Das hier hab ich praktisch \u201cgeklaut\u201d. Und was f\u00fcr ein Unterschied (beginnender Teenager) \u2026<\/p>\n<p align=\"center\">&#160;<\/p>\n<p align=\"center\"><img decoding=\"async\" src=\"http:\/\/www.anthealein.de\/wp-content\/uploads\/2010\/08\/07082010XIII.jpg\" \/>    <br \/>\u2026 zu dem von der Feier nach der Einschulung. Von dem Kindergartenkind ist nichts mehr \u00fcbrig. <\/p>\n<p align=\"center\">&#160;<\/p>\n<p align=\"center\"><a href=\"http:\/\/www.anthealein.de\/wp-content\/uploads\/2014\/07\/30072014.jpg\"><img loading=\"lazy\" decoding=\"async\" title=\"30072014\" style=\"border-top: 0px; border-right: 0px; background-image: none; border-bottom: 0px; padding-top: 0px; padding-left: 0px; border-left: 0px; display: inline; padding-right: 0px\" border=\"0\" alt=\"30072014\" src=\"http:\/\/www.anthealein.de\/wp-content\/uploads\/2014\/07\/30072014_thumb.jpg\" width=\"504\" height=\"504\" \/><\/a>    <br \/>Mal schauen, wie dieser kleine \u201cHans-Guck-In-Die-Luft\u201d dann in 4 Jahren aussieht. <\/p>\n","protected":false},"excerpt":{"rendered":"<p>&#160; \u2026 war die Verabschiedung von der Grundschule heute. Heute morgen fuhren wir gemeinsam zur Schule, nachdem wir Lena im Kindergarten abgesetzt hatten. Rauchten noch mit den anderen Eltern eine Zigarette und gingen dann fr\u00fch in die Aula zur Abschiedsveranstaltung. Ich hielt da noch tapfer durch und auch die Kinder hielten sich gut. Die j\u00fcngeren [&hellip;]<\/p>\n","protected":false},"author":1,"featured_media":0,"comment_status":"open","ping_status":"open","sticky":false,"template":"","format":"standard","meta":{"footnotes":""},"categories":[3],"tags":[],"class_list":["post-12852","post","type-post","status-publish","format-standard","hentry","category-alles-mogliche"],"_links":{"self":[{"href":"https:\/\/www.anthealein.de\/index.php?rest_route=\/wp\/v2\/posts\/12852","targetHints":{"allow":["GET"]}}],"collection":[{"href":"https:\/\/www.anthealein.de\/index.php?rest_route=\/wp\/v2\/posts"}],"about":[{"href":"https:\/\/www.anthealein.de\/index.php?rest_route=\/wp\/v2\/types\/post"}],"author":[{"embeddable":true,"href":"https:\/\/www.anthealein.de\/index.php?rest_route=\/wp\/v2\/users\/1"}],"replies":[{"embeddable":true,"href":"https:\/\/www.anthealein.de\/index.php?rest_route=%2Fwp%2Fv2%2Fcomments&post=12852"}],"version-history":[{"count":2,"href":"https:\/\/www.anthealein.de\/index.php?rest_route=\/wp\/v2\/posts\/12852\/revisions"}],"predecessor-version":[{"id":12854,"href":"https:\/\/www.anthealein.de\/index.php?rest_route=\/wp\/v2\/posts\/12852\/revisions\/12854"}],"wp:attachment":[{"href":"https:\/\/www.anthealein.de\/index.php?rest_route=%2Fwp%2Fv2%2Fmedia&parent=12852"}],"wp:term":[{"taxonomy":"category","embeddable":true,"href":"https:\/\/www.anthealein.de\/index.php?rest_route=%2Fwp%2Fv2%2Fcategories&post=12852"},{"taxonomy":"post_tag","embeddable":true,"href":"https:\/\/www.anthealein.de\/index.php?rest_route=%2Fwp%2Fv2%2Ftags&post=12852"}],"curies":[{"name":"wp","href":"https:\/\/api.w.org\/{rel}","templated":true}]}}