{"id":12846,"date":"2014-07-29T22:05:36","date_gmt":"2014-07-29T20:05:36","guid":{"rendered":"http:\/\/www.anthealein.de\/?p=12846"},"modified":"2014-07-29T22:05:36","modified_gmt":"2014-07-29T20:05:36","slug":"hach-6","status":"publish","type":"post","link":"https:\/\/www.anthealein.de\/?p=12846","title":{"rendered":"Hach &hellip;"},"content":{"rendered":"<p>&#160;<\/p>\n<p align=\"justify\">Jana wird in die Stammgruppe 5.4 gehen. Ziemlich kleiner Raum, aber das wird schon <img decoding=\"async\" class=\"wlEmoticon wlEmoticon-smile\" style=\"border-top-style: none; border-bottom-style: none; border-right-style: none; border-left-style: none\" alt=\"Smiley\" src=\"http:\/\/www.anthealein.de\/wp-content\/uploads\/2014\/07\/wlEmoticon-smile8.png\" \/> . Der Rest wird sich dann nach den Herbstferien zeigen. Die erste Klassenfahrt wird im Juli n\u00e4chstes Jahr um die 200 Euro kosten, das bekamen wir gestern schon schnell gesagt. Mir schwant \u00dcbles, wenn ich an die Abschlu\u00dffahrt in der 10. Klasse denke.<\/p>\n<p align=\"justify\">Morgen fr\u00fch ist die gro\u00dfe Verabschiedung in der Grundschule. Janas Lehrer bemerkte heute Mittag schon, das er bestimmt morgen weinen muss <img decoding=\"async\" class=\"wlEmoticon wlEmoticon-smile\" style=\"border-top-style: none; border-bottom-style: none; border-right-style: none; border-left-style: none\" alt=\"Smiley\" src=\"http:\/\/www.anthealein.de\/wp-content\/uploads\/2014\/07\/wlEmoticon-smile8.png\" \/> .<\/p>\n<p>&#160;<\/p>\n<p align=\"center\"><a href=\"http:\/\/www.anthealein.de\/wp-content\/uploads\/2014\/07\/29072014.jpg\"><img loading=\"lazy\" decoding=\"async\" title=\"29072014\" style=\"border-top: 0px; border-right: 0px; background-image: none; border-bottom: 0px; padding-top: 0px; padding-left: 0px; border-left: 0px; display: inline; padding-right: 0px\" border=\"0\" alt=\"29072014\" src=\"http:\/\/www.anthealein.de\/wp-content\/uploads\/2014\/07\/29072014_thumb.jpg\" width=\"504\" height=\"504\" \/><\/a>    <br \/>Brombeerstr\u00e4ucher auf dem Weg zur Schule \u2026 Wenn das mal gut geht *g*.<\/p>\n<p align=\"center\">&#160;<\/p>\n<p align=\"center\"><a href=\"http:\/\/www.anthealein.de\/wp-content\/uploads\/2014\/07\/29072014II.jpg\"><img loading=\"lazy\" decoding=\"async\" title=\"29072014II\" style=\"border-top: 0px; border-right: 0px; background-image: none; border-bottom: 0px; padding-top: 0px; padding-left: 0px; border-left: 0px; display: inline; padding-right: 0px\" border=\"0\" alt=\"29072014II\" src=\"http:\/\/www.anthealein.de\/wp-content\/uploads\/2014\/07\/29072014II_thumb.jpg\" width=\"504\" height=\"504\" \/><\/a><\/p>\n","protected":false},"excerpt":{"rendered":"<p>&#160; Jana wird in die Stammgruppe 5.4 gehen. Ziemlich kleiner Raum, aber das wird schon . Der Rest wird sich dann nach den Herbstferien zeigen. Die erste Klassenfahrt wird im Juli n\u00e4chstes Jahr um die 200 Euro kosten, das bekamen wir gestern schon schnell gesagt. Mir schwant \u00dcbles, wenn ich an die Abschlu\u00dffahrt in der [&hellip;]<\/p>\n","protected":false},"author":1,"featured_media":0,"comment_status":"open","ping_status":"open","sticky":false,"template":"","format":"standard","meta":{"footnotes":""},"categories":[3],"tags":[],"class_list":["post-12846","post","type-post","status-publish","format-standard","hentry","category-alles-mogliche"],"_links":{"self":[{"href":"https:\/\/www.anthealein.de\/index.php?rest_route=\/wp\/v2\/posts\/12846","targetHints":{"allow":["GET"]}}],"collection":[{"href":"https:\/\/www.anthealein.de\/index.php?rest_route=\/wp\/v2\/posts"}],"about":[{"href":"https:\/\/www.anthealein.de\/index.php?rest_route=\/wp\/v2\/types\/post"}],"author":[{"embeddable":true,"href":"https:\/\/www.anthealein.de\/index.php?rest_route=\/wp\/v2\/users\/1"}],"replies":[{"embeddable":true,"href":"https:\/\/www.anthealein.de\/index.php?rest_route=%2Fwp%2Fv2%2Fcomments&post=12846"}],"version-history":[{"count":1,"href":"https:\/\/www.anthealein.de\/index.php?rest_route=\/wp\/v2\/posts\/12846\/revisions"}],"predecessor-version":[{"id":12847,"href":"https:\/\/www.anthealein.de\/index.php?rest_route=\/wp\/v2\/posts\/12846\/revisions\/12847"}],"wp:attachment":[{"href":"https:\/\/www.anthealein.de\/index.php?rest_route=%2Fwp%2Fv2%2Fmedia&parent=12846"}],"wp:term":[{"taxonomy":"category","embeddable":true,"href":"https:\/\/www.anthealein.de\/index.php?rest_route=%2Fwp%2Fv2%2Fcategories&post=12846"},{"taxonomy":"post_tag","embeddable":true,"href":"https:\/\/www.anthealein.de\/index.php?rest_route=%2Fwp%2Fv2%2Ftags&post=12846"}],"curies":[{"name":"wp","href":"https:\/\/api.w.org\/{rel}","templated":true}]}}