{"id":12803,"date":"2014-07-24T21:09:59","date_gmt":"2014-07-24T19:09:59","guid":{"rendered":"http:\/\/www.anthealein.de\/?p=12803"},"modified":"2014-07-24T21:11:33","modified_gmt":"2014-07-24T19:11:33","slug":"das-war-es","status":"publish","type":"post","link":"https:\/\/www.anthealein.de\/?p=12803","title":{"rendered":"Das war Es &hellip;"},"content":{"rendered":"<p>&#160;<\/p>\n<p align=\"justify\">\u2026 f\u00fcr die n\u00e4chsten Wochen mit den fast t\u00e4glichen Fahrten zur Ballettschule. Nach Lenas Einschulung geht es weiter, bis dahin haben wir 3 Nachmittage mehr freie Zeit jede Woche <img decoding=\"async\" class=\"wlEmoticon wlEmoticon-openmouthedsmile\" style=\"border-top-style: none; border-bottom-style: none; border-right-style: none; border-left-style: none\" alt=\"Smiley mit ge\u00f6ffnetem Mund\" src=\"http:\/\/www.anthealein.de\/wp-content\/uploads\/2014\/07\/wlEmoticon-openmouthedsmile3.png\" \/> . Irene? <\/p>\n<p align=\"justify\">&#160;<\/p>\n<p align=\"center\"><a href=\"http:\/\/www.anthealein.de\/wp-content\/uploads\/2014\/07\/24072014.jpg\"><img loading=\"lazy\" decoding=\"async\" title=\"24072014\" style=\"border-top: 0px; border-right: 0px; background-image: none; border-bottom: 0px; padding-top: 0px; padding-left: 0px; border-left: 0px; display: inline; padding-right: 0px\" border=\"0\" alt=\"24072014\" src=\"http:\/\/www.anthealein.de\/wp-content\/uploads\/2014\/07\/24072014_thumb.jpg\" width=\"504\" height=\"504\" \/><\/a>    <br \/>Es geht weiter mit den Verabschiedungen. Samstag ist Abschiedsfeier der 4b auf dem Abenteuerspielplatz. Mittwoch ist dann die offizielle Verabschiedung in der Schule (Taschent\u00fccher suchen geh *seufz*). N\u00e4chsten Samstag ist die offizielle Verabschiedung der roten Gruppe auf dem Sommerfest des Kindergartens. Am 8.8. findet die \u00dcbernachtungsparty statt f\u00fcr die \u201cgro\u00dfen Roten\u201d und am 14.8. werden wir den Kindergarten dann endg\u00fcltig mit dem letzten Kind verlassen.<\/p>\n<p align=\"center\">&#160;<\/p>\n<p align=\"center\"><a href=\"http:\/\/www.anthealein.de\/wp-content\/uploads\/2014\/07\/24072014II.jpg\"><img loading=\"lazy\" decoding=\"async\" title=\"24072014II\" style=\"border-top: 0px; border-right: 0px; background-image: none; border-bottom: 0px; padding-top: 0px; padding-left: 0px; border-left: 0px; display: inline; padding-right: 0px\" border=\"0\" alt=\"24072014II\" src=\"http:\/\/www.anthealein.de\/wp-content\/uploads\/2014\/07\/24072014II_thumb.jpg\" width=\"504\" height=\"504\" \/><\/a>    <br \/>Hmpf. In der Spielanleitung sollte nicht \u201cAb 7 Jahren\u201d stehen, sondern \u201cBis 7 Jahre\u201d. Spiel 4+5 durfte ich gn\u00e4digerweise gewinnen.<\/p>\n","protected":false},"excerpt":{"rendered":"<p>&#160; \u2026 f\u00fcr die n\u00e4chsten Wochen mit den fast t\u00e4glichen Fahrten zur Ballettschule. Nach Lenas Einschulung geht es weiter, bis dahin haben wir 3 Nachmittage mehr freie Zeit jede Woche . Irene? &#160; Es geht weiter mit den Verabschiedungen. Samstag ist Abschiedsfeier der 4b auf dem Abenteuerspielplatz. Mittwoch ist dann die offizielle Verabschiedung in der [&hellip;]<\/p>\n","protected":false},"author":1,"featured_media":0,"comment_status":"open","ping_status":"open","sticky":false,"template":"","format":"standard","meta":{"footnotes":""},"categories":[3],"tags":[],"class_list":["post-12803","post","type-post","status-publish","format-standard","hentry","category-alles-mogliche"],"_links":{"self":[{"href":"https:\/\/www.anthealein.de\/index.php?rest_route=\/wp\/v2\/posts\/12803","targetHints":{"allow":["GET"]}}],"collection":[{"href":"https:\/\/www.anthealein.de\/index.php?rest_route=\/wp\/v2\/posts"}],"about":[{"href":"https:\/\/www.anthealein.de\/index.php?rest_route=\/wp\/v2\/types\/post"}],"author":[{"embeddable":true,"href":"https:\/\/www.anthealein.de\/index.php?rest_route=\/wp\/v2\/users\/1"}],"replies":[{"embeddable":true,"href":"https:\/\/www.anthealein.de\/index.php?rest_route=%2Fwp%2Fv2%2Fcomments&post=12803"}],"version-history":[{"count":2,"href":"https:\/\/www.anthealein.de\/index.php?rest_route=\/wp\/v2\/posts\/12803\/revisions"}],"predecessor-version":[{"id":12807,"href":"https:\/\/www.anthealein.de\/index.php?rest_route=\/wp\/v2\/posts\/12803\/revisions\/12807"}],"wp:attachment":[{"href":"https:\/\/www.anthealein.de\/index.php?rest_route=%2Fwp%2Fv2%2Fmedia&parent=12803"}],"wp:term":[{"taxonomy":"category","embeddable":true,"href":"https:\/\/www.anthealein.de\/index.php?rest_route=%2Fwp%2Fv2%2Fcategories&post=12803"},{"taxonomy":"post_tag","embeddable":true,"href":"https:\/\/www.anthealein.de\/index.php?rest_route=%2Fwp%2Fv2%2Ftags&post=12803"}],"curies":[{"name":"wp","href":"https:\/\/api.w.org\/{rel}","templated":true}]}}