{"id":12670,"date":"2014-07-10T20:29:53","date_gmt":"2014-07-10T19:29:53","guid":{"rendered":"http:\/\/www.anthealein.de\/?p=12670"},"modified":"2014-07-10T20:29:53","modified_gmt":"2014-07-10T19:29:53","slug":"kleiderschrnke","status":"publish","type":"post","link":"https:\/\/www.anthealein.de\/?p=12670","title":{"rendered":"Kleiderschr&auml;nke &hellip;"},"content":{"rendered":"<p>&#160;<\/p>\n<p align=\"justify\">\u2026 habe ich auch heute einfach mal Kleiderschr\u00e4nke sein lassen. Zum Fr\u00fchst\u00fcck bei R. bin ich mit dem Fahrrad gefahren und auf dem R\u00fcckweg noch ein St\u00fcck mit Bine gelaufen. Insgesamt zog sich das dann schon und ich war erst kurz vor 12 Uhr zu Hause. Kaum genug Zeit, Betten zu machen und eine Waschmaschine anzuschmei\u00dfen. <\/p>\n<p align=\"justify\">Den Physiotermin habe ich heute morgen kurzentschlossen abgesagt (he, ich hab Urlaub und hatte diese Woche auch schon mal <img decoding=\"async\" class=\"wlEmoticon wlEmoticon-smile\" style=\"border-top-style: none; border-bottom-style: none; border-right-style: none; border-left-style: none\" alt=\"Smiley\" src=\"http:\/\/www.anthealein.de\/wp-content\/uploads\/2014\/07\/wlEmoticon-smile2.png\" \/> ), Keschern fand \u2013 wie ich gestern sp\u00e4t noch feststellte \u2013 erst um 17 Uhr statt. Also ging auch heute Nachmittag alles ruhig genug. Kinder zum Ballett, ich selber musste noch mal kurz zu R. zur\u00fcck und bei Lidl anhalten. <\/p>\n<p align=\"justify\">P\u00fcnktlich hab ich Jana beim Bullermeck rausgeworfen, fast genau so p\u00fcnktlich gab es Essen f\u00fcr den Rest und danach gab es noch einen sch\u00f6nen Spaziergang am S\u00fcdstrand f\u00fcr mich, weil ich bei dem Wetter nicht noch mal ins Auto steigen mochte, um Jana abzuholen. <\/p>\n<p align=\"justify\">&#160;<\/p>\n<p align=\"center\"><a href=\"http:\/\/www.anthealein.de\/wp-content\/uploads\/2014\/07\/10072014.jpg\"><img loading=\"lazy\" decoding=\"async\" title=\"10072014\" style=\"border-top: 0px; border-right: 0px; background-image: none; border-bottom: 0px; padding-top: 0px; padding-left: 0px; border-left: 0px; display: inline; padding-right: 0px\" border=\"0\" alt=\"10072014\" src=\"http:\/\/www.anthealein.de\/wp-content\/uploads\/2014\/07\/10072014_thumb.jpg\" width=\"504\" height=\"337\" \/><\/a><\/p>\n","protected":false},"excerpt":{"rendered":"<p>&#160; \u2026 habe ich auch heute einfach mal Kleiderschr\u00e4nke sein lassen. Zum Fr\u00fchst\u00fcck bei R. bin ich mit dem Fahrrad gefahren und auf dem R\u00fcckweg noch ein St\u00fcck mit Bine gelaufen. Insgesamt zog sich das dann schon und ich war erst kurz vor 12 Uhr zu Hause. Kaum genug Zeit, Betten zu machen und eine [&hellip;]<\/p>\n","protected":false},"author":1,"featured_media":0,"comment_status":"open","ping_status":"open","sticky":false,"template":"","format":"standard","meta":{"footnotes":""},"categories":[3],"tags":[],"class_list":["post-12670","post","type-post","status-publish","format-standard","hentry","category-alles-mogliche"],"_links":{"self":[{"href":"https:\/\/www.anthealein.de\/index.php?rest_route=\/wp\/v2\/posts\/12670","targetHints":{"allow":["GET"]}}],"collection":[{"href":"https:\/\/www.anthealein.de\/index.php?rest_route=\/wp\/v2\/posts"}],"about":[{"href":"https:\/\/www.anthealein.de\/index.php?rest_route=\/wp\/v2\/types\/post"}],"author":[{"embeddable":true,"href":"https:\/\/www.anthealein.de\/index.php?rest_route=\/wp\/v2\/users\/1"}],"replies":[{"embeddable":true,"href":"https:\/\/www.anthealein.de\/index.php?rest_route=%2Fwp%2Fv2%2Fcomments&post=12670"}],"version-history":[{"count":1,"href":"https:\/\/www.anthealein.de\/index.php?rest_route=\/wp\/v2\/posts\/12670\/revisions"}],"predecessor-version":[{"id":12671,"href":"https:\/\/www.anthealein.de\/index.php?rest_route=\/wp\/v2\/posts\/12670\/revisions\/12671"}],"wp:attachment":[{"href":"https:\/\/www.anthealein.de\/index.php?rest_route=%2Fwp%2Fv2%2Fmedia&parent=12670"}],"wp:term":[{"taxonomy":"category","embeddable":true,"href":"https:\/\/www.anthealein.de\/index.php?rest_route=%2Fwp%2Fv2%2Fcategories&post=12670"},{"taxonomy":"post_tag","embeddable":true,"href":"https:\/\/www.anthealein.de\/index.php?rest_route=%2Fwp%2Fv2%2Ftags&post=12670"}],"curies":[{"name":"wp","href":"https:\/\/api.w.org\/{rel}","templated":true}]}}