{"id":12627,"date":"2014-07-05T20:26:00","date_gmt":"2014-07-05T19:26:00","guid":{"rendered":"http:\/\/www.anthealein.de\/?p=12627"},"modified":"2014-07-05T22:24:48","modified_gmt":"2014-07-05T21:24:48","slug":"die-gute-nachricht","status":"publish","type":"post","link":"https:\/\/www.anthealein.de\/?p=12627","title":{"rendered":"Die gute Nachricht &hellip;"},"content":{"rendered":"<p>&#160;<\/p>\n<p align=\"justify\">\u2026 zum Wochenende: Jana darf auf ihre Wunschschule wechseln und ist \u00fcbergl\u00fccklich. Ende des Monats erfahren wir auch schon auf dem Elternabend, in welche Klasse sie kommen wird und welche Stammgruppenleiter\/-innen sie bekommt. <\/p>\n<p align=\"justify\">&#160;<\/p>\n<p align=\"center\"><a href=\"http:\/\/www.anthealein.de\/wp-content\/uploads\/2014\/07\/05072014.jpg\"><img loading=\"lazy\" decoding=\"async\" title=\"05072014\" style=\"border-left-width: 0px; border-right-width: 0px; background-image: none; border-bottom-width: 0px; padding-top: 0px; padding-left: 0px; display: inline; padding-right: 0px; border-top-width: 0px\" border=\"0\" alt=\"05072014\" src=\"http:\/\/www.anthealein.de\/wp-content\/uploads\/2014\/07\/05072014_thumb.jpg\" width=\"504\" height=\"304\" \/><\/a><\/p>\n<p align=\"center\">&#160;<\/p>\n<p align=\"justify\">Eine schlechte Nachricht gab es heute morgen leider auch. Eines unserer Meerschweinchen, das inzwischen schon l\u00e4nger auf dem einen Auge Altersblind wurde und ein Geschw\u00fcr im Darm hatte, ist heute morgen gestorben. Paula war die letzten Tage schon viel anh\u00e4nglicher als gew\u00f6hnlich, mir schwante das schon <img decoding=\"async\" class=\"wlEmoticon wlEmoticon-sadsmile\" style=\"border-top-style: none; border-bottom-style: none; border-right-style: none; border-left-style: none\" alt=\"Trauriges Smiley\" src=\"http:\/\/www.anthealein.de\/wp-content\/uploads\/2014\/07\/wlEmoticon-sadsmile.png\" \/>.<\/p>\n<p align=\"justify\">&#160;<\/p>\n<p align=\"center\"><a href=\"http:\/\/www.anthealein.de\/wp-content\/uploads\/2014\/07\/05072014II.jpg\"><img loading=\"lazy\" decoding=\"async\" title=\"05072014II\" style=\"border-top: 0px; border-right: 0px; background-image: none; border-bottom: 0px; padding-top: 0px; padding-left: 0px; border-left: 0px; display: inline; padding-right: 0px\" border=\"0\" alt=\"05072014II\" src=\"http:\/\/www.anthealein.de\/wp-content\/uploads\/2014\/07\/05072014II_thumb.jpg\" width=\"504\" height=\"504\" \/><\/a><\/p>\n","protected":false},"excerpt":{"rendered":"<p>&#160; \u2026 zum Wochenende: Jana darf auf ihre Wunschschule wechseln und ist \u00fcbergl\u00fccklich. Ende des Monats erfahren wir auch schon auf dem Elternabend, in welche Klasse sie kommen wird und welche Stammgruppenleiter\/-innen sie bekommt. &#160; &#160; Eine schlechte Nachricht gab es heute morgen leider auch. Eines unserer Meerschweinchen, das inzwischen schon l\u00e4nger auf dem einen [&hellip;]<\/p>\n","protected":false},"author":1,"featured_media":0,"comment_status":"open","ping_status":"open","sticky":false,"template":"","format":"standard","meta":{"footnotes":""},"categories":[3],"tags":[],"class_list":["post-12627","post","type-post","status-publish","format-standard","hentry","category-alles-mogliche"],"_links":{"self":[{"href":"https:\/\/www.anthealein.de\/index.php?rest_route=\/wp\/v2\/posts\/12627","targetHints":{"allow":["GET"]}}],"collection":[{"href":"https:\/\/www.anthealein.de\/index.php?rest_route=\/wp\/v2\/posts"}],"about":[{"href":"https:\/\/www.anthealein.de\/index.php?rest_route=\/wp\/v2\/types\/post"}],"author":[{"embeddable":true,"href":"https:\/\/www.anthealein.de\/index.php?rest_route=\/wp\/v2\/users\/1"}],"replies":[{"embeddable":true,"href":"https:\/\/www.anthealein.de\/index.php?rest_route=%2Fwp%2Fv2%2Fcomments&post=12627"}],"version-history":[{"count":2,"href":"https:\/\/www.anthealein.de\/index.php?rest_route=\/wp\/v2\/posts\/12627\/revisions"}],"predecessor-version":[{"id":12632,"href":"https:\/\/www.anthealein.de\/index.php?rest_route=\/wp\/v2\/posts\/12627\/revisions\/12632"}],"wp:attachment":[{"href":"https:\/\/www.anthealein.de\/index.php?rest_route=%2Fwp%2Fv2%2Fmedia&parent=12627"}],"wp:term":[{"taxonomy":"category","embeddable":true,"href":"https:\/\/www.anthealein.de\/index.php?rest_route=%2Fwp%2Fv2%2Fcategories&post=12627"},{"taxonomy":"post_tag","embeddable":true,"href":"https:\/\/www.anthealein.de\/index.php?rest_route=%2Fwp%2Fv2%2Ftags&post=12627"}],"curies":[{"name":"wp","href":"https:\/\/api.w.org\/{rel}","templated":true}]}}