{"id":12611,"date":"2014-07-02T20:24:08","date_gmt":"2014-07-02T19:24:08","guid":{"rendered":"http:\/\/www.anthealein.de\/?p=12611"},"modified":"2014-07-02T20:24:08","modified_gmt":"2014-07-02T19:24:08","slug":"ab-morgen","status":"publish","type":"post","link":"https:\/\/www.anthealein.de\/?p=12611","title":{"rendered":"Ab morgen &hellip;"},"content":{"rendered":"<p align=\"justify\">&#160;<\/p>\n<p align=\"justify\">\u2026 steppt der B\u00e4r hier und morgen Nachmittag werde ich brav mein Auto stehen lassen und mit Lena und Jana mit dem Fahrrad zum Ballett fahren. Jana wird dieses Jahr allerdings mit Ballett und Radio noch gut besch\u00e4ftigt sein neben dem Wochenende an der Jade und haupts\u00e4chlich Lena kann die Toggo Tour genie\u00dfen <img decoding=\"async\" class=\"wlEmoticon wlEmoticon-smile\" style=\"border-top-style: none; border-bottom-style: none; border-right-style: none; border-left-style: none\" alt=\"Smiley\" src=\"http:\/\/www.anthealein.de\/wp-content\/uploads\/2014\/07\/wlEmoticon-smile.png\" \/> . <\/p>\n<p align=\"justify\">&#160;<\/p>\n<p align=\"center\"><a href=\"http:\/\/www.anthealein.de\/wp-content\/uploads\/2014\/07\/02072014.jpg\"><img loading=\"lazy\" decoding=\"async\" title=\"02072014\" style=\"border-top: 0px; border-right: 0px; background-image: none; border-bottom: 0px; padding-top: 0px; padding-left: 0px; border-left: 0px; display: inline; padding-right: 0px\" border=\"0\" alt=\"02072014\" src=\"http:\/\/www.anthealein.de\/wp-content\/uploads\/2014\/07\/02072014_thumb.jpg\" width=\"504\" height=\"404\" \/><\/a><\/p>\n<p align=\"center\">&#160;<\/p>\n<p align=\"center\"><a href=\"http:\/\/www.anthealein.de\/wp-content\/uploads\/2014\/07\/02072014II.jpg\"><img loading=\"lazy\" decoding=\"async\" title=\"02072014II\" style=\"border-top: 0px; border-right: 0px; background-image: none; border-bottom: 0px; padding-top: 0px; padding-left: 0px; border-left: 0px; display: inline; padding-right: 0px\" border=\"0\" alt=\"02072014II\" src=\"http:\/\/www.anthealein.de\/wp-content\/uploads\/2014\/07\/02072014II_thumb.jpg\" width=\"504\" height=\"504\" \/><\/a><\/p>\n","protected":false},"excerpt":{"rendered":"<p>&#160; \u2026 steppt der B\u00e4r hier und morgen Nachmittag werde ich brav mein Auto stehen lassen und mit Lena und Jana mit dem Fahrrad zum Ballett fahren. Jana wird dieses Jahr allerdings mit Ballett und Radio noch gut besch\u00e4ftigt sein neben dem Wochenende an der Jade und haupts\u00e4chlich Lena kann die Toggo Tour genie\u00dfen . [&hellip;]<\/p>\n","protected":false},"author":1,"featured_media":0,"comment_status":"open","ping_status":"open","sticky":false,"template":"","format":"standard","meta":{"footnotes":""},"categories":[3],"tags":[],"class_list":["post-12611","post","type-post","status-publish","format-standard","hentry","category-alles-mogliche"],"_links":{"self":[{"href":"https:\/\/www.anthealein.de\/index.php?rest_route=\/wp\/v2\/posts\/12611","targetHints":{"allow":["GET"]}}],"collection":[{"href":"https:\/\/www.anthealein.de\/index.php?rest_route=\/wp\/v2\/posts"}],"about":[{"href":"https:\/\/www.anthealein.de\/index.php?rest_route=\/wp\/v2\/types\/post"}],"author":[{"embeddable":true,"href":"https:\/\/www.anthealein.de\/index.php?rest_route=\/wp\/v2\/users\/1"}],"replies":[{"embeddable":true,"href":"https:\/\/www.anthealein.de\/index.php?rest_route=%2Fwp%2Fv2%2Fcomments&post=12611"}],"version-history":[{"count":1,"href":"https:\/\/www.anthealein.de\/index.php?rest_route=\/wp\/v2\/posts\/12611\/revisions"}],"predecessor-version":[{"id":12612,"href":"https:\/\/www.anthealein.de\/index.php?rest_route=\/wp\/v2\/posts\/12611\/revisions\/12612"}],"wp:attachment":[{"href":"https:\/\/www.anthealein.de\/index.php?rest_route=%2Fwp%2Fv2%2Fmedia&parent=12611"}],"wp:term":[{"taxonomy":"category","embeddable":true,"href":"https:\/\/www.anthealein.de\/index.php?rest_route=%2Fwp%2Fv2%2Fcategories&post=12611"},{"taxonomy":"post_tag","embeddable":true,"href":"https:\/\/www.anthealein.de\/index.php?rest_route=%2Fwp%2Fv2%2Ftags&post=12611"}],"curies":[{"name":"wp","href":"https:\/\/api.w.org\/{rel}","templated":true}]}}