{"id":12425,"date":"2014-06-07T18:58:13","date_gmt":"2014-06-07T17:58:13","guid":{"rendered":"http:\/\/www.anthealein.de\/?p=12425"},"modified":"2014-06-07T18:59:01","modified_gmt":"2014-06-07T17:59:01","slug":"vor-ein-paar-tagen","status":"publish","type":"post","link":"https:\/\/www.anthealein.de\/?p=12425","title":{"rendered":"Vor ein paar Tagen &hellip;"},"content":{"rendered":"<p>&#160;<\/p>\n<p align=\"justify\">\u2026 beschwerten sich die anderen M\u00fctter im Ballett dar\u00fcber, wie WENIG Proben dieses Jahr f\u00fcr die Vorf\u00fchrung angesetzt sind. Das k\u00f6nne ja nichts werden bei so wenigen Proben. Heute klang das \u2013 ohne Plan\u00e4nderungen \u2013 gaaaaaaanz anders. Das eine Kind h\u00e4tte ja am Samstag auch noch Probenlauf f\u00fcr die Kommunion, das kann nicht p\u00fcnktlich kommen. Die andere Mutter verk\u00fcndete heute schon, ihre Tochter am Freitag nicht zur Schule schicken zu wollen. Freitag sind an einigen Schulen (wie an unserer auch) Bundesjugendspiele oder Bundessportspiele oder wie auch immer sie heutzutage hei\u00dfen. Und das ist doch ein Ding der Unm\u00f6glichkeit, das Kind morgens zu den Sportspielen zu n\u00f6tigen und Nachmittags dann einen Komplettdurchlauf der Vorf\u00fchrung anzusetzen. Drei ganze T\u00e4nze m\u00fcssen die Kinder tanzen. Und dazwischen sind gaaaaaaaanz oft die ganzen anderen Gruppen dran. Aus meiner Ballettzeit wei\u00df ich noch: viel viel Pausen mit ganz wenig Tanz. Und ganz viel Langeweile. Ich glaube, das \u00fcberlebt Jana *g*. Aber vielleicht sollte ich rein aus Prinzip auch so ein wenig \u00fcber irgendwas an der Planung schimpfen *find*. Ach ja, morgen ist das Kind mal wieder im Radio. Gut, das morgen Ballettpause ist <img decoding=\"async\" class=\"wlEmoticon wlEmoticon-openmouthedsmile\" style=\"border-top-style: none; border-bottom-style: none; border-right-style: none; border-left-style: none\" alt=\"Smiley mit ge\u00f6ffnetem Mund\" src=\"http:\/\/www.anthealein.de\/wp-content\/uploads\/2014\/06\/wlEmoticon-openmouthedsmile2.png\" \/>.<\/p>\n<p align=\"justify\">&#160;<\/p>\n<p align=\"justify\">Meinen letzten Tropf hab ich heute auch in Empfang genommen, allerdings mit gr\u00fcndlichem Versauen meines Lieblingskleides. Der Arzt wurde ein wenig hektisch, als ihm auffiel das die Infusion flei\u00dfig NEBEN die Ader floss und zog die Kan\u00fcle zu schnell raus. Und schwupps, hatte ich einen wundersch\u00f6nen roten Fleck im Kleid, der sich leider auch trotz Sofortbehandlung und zu Hause schnell in die Waschmaschine damit, nicht vollst\u00e4ndig entfernen lie\u00df *grummel*. Daf\u00fcr war die Schwester lieb und wir hatten eine nette Unterhaltung \u00fcber f\u00e4hige und unf\u00e4hige \u00c4rzte im Allgemeinen und \u00fcber HWS-Bandscheibenvorf\u00e4lle im Besonderen.<\/p>\n<p align=\"justify\">&#160;<\/p>\n<p align=\"center\"><a href=\"http:\/\/www.anthealein.de\/wp-content\/uploads\/2014\/06\/06062014II.jpg\"><img loading=\"lazy\" decoding=\"async\" title=\"06062014II\" style=\"border-left-width: 0px; border-right-width: 0px; background-image: none; border-bottom-width: 0px; padding-top: 0px; padding-left: 0px; display: inline; padding-right: 0px; border-top-width: 0px\" border=\"0\" alt=\"06062014II\" src=\"http:\/\/www.anthealein.de\/wp-content\/uploads\/2014\/06\/06062014II_thumb.jpg\" width=\"404\" height=\"504\" \/><\/a>     <br \/>Der Versuch, Chris einen Balkon tiefer mit der Wasserpistole zu treffen, ging gr\u00fcndlich schief.<\/p>\n<p align=\"center\">&#160;<\/p>\n<p align=\"center\"><a href=\"http:\/\/www.anthealein.de\/wp-content\/uploads\/2014\/06\/06062014.jpg\"><img loading=\"lazy\" decoding=\"async\" title=\"06062014\" style=\"border-left-width: 0px; border-right-width: 0px; background-image: none; border-bottom-width: 0px; padding-top: 0px; padding-left: 0px; display: inline; padding-right: 0px; border-top-width: 0px\" border=\"0\" alt=\"06062014\" src=\"http:\/\/www.anthealein.de\/wp-content\/uploads\/2014\/06\/06062014_thumb.jpg\" width=\"504\" height=\"504\" \/><\/a>     <br \/>Jupp.<\/p>\n","protected":false},"excerpt":{"rendered":"<p>&#160; \u2026 beschwerten sich die anderen M\u00fctter im Ballett dar\u00fcber, wie WENIG Proben dieses Jahr f\u00fcr die Vorf\u00fchrung angesetzt sind. Das k\u00f6nne ja nichts werden bei so wenigen Proben. Heute klang das \u2013 ohne Plan\u00e4nderungen \u2013 gaaaaaaanz anders. Das eine Kind h\u00e4tte ja am Samstag auch noch Probenlauf f\u00fcr die Kommunion, das kann nicht p\u00fcnktlich [&hellip;]<\/p>\n","protected":false},"author":1,"featured_media":0,"comment_status":"open","ping_status":"open","sticky":false,"template":"","format":"standard","meta":{"footnotes":""},"categories":[3],"tags":[],"class_list":["post-12425","post","type-post","status-publish","format-standard","hentry","category-alles-mogliche"],"_links":{"self":[{"href":"https:\/\/www.anthealein.de\/index.php?rest_route=\/wp\/v2\/posts\/12425","targetHints":{"allow":["GET"]}}],"collection":[{"href":"https:\/\/www.anthealein.de\/index.php?rest_route=\/wp\/v2\/posts"}],"about":[{"href":"https:\/\/www.anthealein.de\/index.php?rest_route=\/wp\/v2\/types\/post"}],"author":[{"embeddable":true,"href":"https:\/\/www.anthealein.de\/index.php?rest_route=\/wp\/v2\/users\/1"}],"replies":[{"embeddable":true,"href":"https:\/\/www.anthealein.de\/index.php?rest_route=%2Fwp%2Fv2%2Fcomments&post=12425"}],"version-history":[{"count":2,"href":"https:\/\/www.anthealein.de\/index.php?rest_route=\/wp\/v2\/posts\/12425\/revisions"}],"predecessor-version":[{"id":12427,"href":"https:\/\/www.anthealein.de\/index.php?rest_route=\/wp\/v2\/posts\/12425\/revisions\/12427"}],"wp:attachment":[{"href":"https:\/\/www.anthealein.de\/index.php?rest_route=%2Fwp%2Fv2%2Fmedia&parent=12425"}],"wp:term":[{"taxonomy":"category","embeddable":true,"href":"https:\/\/www.anthealein.de\/index.php?rest_route=%2Fwp%2Fv2%2Fcategories&post=12425"},{"taxonomy":"post_tag","embeddable":true,"href":"https:\/\/www.anthealein.de\/index.php?rest_route=%2Fwp%2Fv2%2Ftags&post=12425"}],"curies":[{"name":"wp","href":"https:\/\/api.w.org\/{rel}","templated":true}]}}