{"id":12399,"date":"2014-06-02T19:57:22","date_gmt":"2014-06-02T18:57:22","guid":{"rendered":"http:\/\/www.anthealein.de\/?p=12399"},"modified":"2014-06-02T19:57:22","modified_gmt":"2014-06-02T18:57:22","slug":"diese-woche","status":"publish","type":"post","link":"https:\/\/www.anthealein.de\/?p=12399","title":{"rendered":"Diese Woche &hellip;"},"content":{"rendered":"<p align=\"justify\">\u2026 ist straff geplant. Um so sch\u00f6ner, das ich wenigstens heute eine kurze Stunde bei einer Freundin einplanen konnte.    <br \/>Morgen muss ich um 14.20 Uhr bei der Krankengymnastik sein und um 15 Uhr beim Ballett mit Jana. Danach muss ich noch einkaufen (inkl. Mindfactory), Fotos ausdrucken lassen und mit Lena zu Hause dann die Seite f\u00fcr das Erinnerungsbuch f\u00fcr ihre Erzieherin fertig basteln (inkl. der Fotos) die \u00fcbermorgen abgegeben sein muss. Ach ja. Und eigentlich wollte ich mich noch an B\u00f6reks versuchen und die mal eben selber machen.    <br \/>Mittwoch muss ich um 14.00 Uhr bei der Krankengymnastik sein, Jana muss um 15 Uhr beim Ballett und Lena um 15.30 Uhr bei einem Kindergeburtstag sein. Falls ich den Einkauf morgen nicht mehr schaffe: Mittwoch ist die letzte Chance, weil wir die Sachen am Donnerstag brauchen.    <br \/>Donnerstag ist besonders lustig. Da habe ich zwar keine Krankengymnastik, daf\u00fcr m\u00fcssten beide Kinder um 15 Uhr beim Ballett sein. Die eine zum regul\u00e4ren Unterricht in der Ballettschule, die andere zur gro\u00dfen Probe mit allen Beteiligten in der Turnhalle eines Gymnasiums. Wie ich mich da von A nach B beame, wei\u00df ich auch noch nicht so ganz genau.     <br \/>Richtig erholsam wird nur der Freitag: da darf ich den ganzen Tag arbeiten <img decoding=\"async\" class=\"wlEmoticon wlEmoticon-winkingsmile\" style=\"border-top-style: none; border-bottom-style: none; border-right-style: none; border-left-style: none\" alt=\"Zwinkerndes Smiley\" src=\"http:\/\/www.anthealein.de\/wp-content\/uploads\/2014\/06\/wlEmoticon-winkingsmile.png\" \/> . Ich glaub, den eigentlich f\u00fcr diese Woche geplanten Friseurbesuch kann ich glatt knicken. Zumal meine Bekannte heute sowieso ein Schild im Fenster stehen hatte, das sie unvorhergesehen geschlossen bleiben muss\/te.<\/p>\n<p align=\"justify\">&#160;<\/p>\n<p align=\"center\"><a href=\"http:\/\/www.anthealein.de\/wp-content\/uploads\/2014\/06\/02062014.jpg\"><img loading=\"lazy\" decoding=\"async\" title=\"02062014\" style=\"border-top: 0px; border-right: 0px; background-image: none; border-bottom: 0px; padding-top: 0px; padding-left: 0px; border-left: 0px; display: inline; padding-right: 0px\" border=\"0\" alt=\"02062014\" src=\"http:\/\/www.anthealein.de\/wp-content\/uploads\/2014\/06\/02062014_thumb.jpg\" width=\"504\" height=\"504\" \/><\/a>    <br \/>An dem Baum vor unserem Haus \u2026<\/p>\n","protected":false},"excerpt":{"rendered":"<p>\u2026 ist straff geplant. Um so sch\u00f6ner, das ich wenigstens heute eine kurze Stunde bei einer Freundin einplanen konnte. Morgen muss ich um 14.20 Uhr bei der Krankengymnastik sein und um 15 Uhr beim Ballett mit Jana. Danach muss ich noch einkaufen (inkl. Mindfactory), Fotos ausdrucken lassen und mit Lena zu Hause dann die Seite [&hellip;]<\/p>\n","protected":false},"author":1,"featured_media":0,"comment_status":"open","ping_status":"open","sticky":false,"template":"","format":"standard","meta":{"footnotes":""},"categories":[3],"tags":[],"class_list":["post-12399","post","type-post","status-publish","format-standard","hentry","category-alles-mogliche"],"_links":{"self":[{"href":"https:\/\/www.anthealein.de\/index.php?rest_route=\/wp\/v2\/posts\/12399","targetHints":{"allow":["GET"]}}],"collection":[{"href":"https:\/\/www.anthealein.de\/index.php?rest_route=\/wp\/v2\/posts"}],"about":[{"href":"https:\/\/www.anthealein.de\/index.php?rest_route=\/wp\/v2\/types\/post"}],"author":[{"embeddable":true,"href":"https:\/\/www.anthealein.de\/index.php?rest_route=\/wp\/v2\/users\/1"}],"replies":[{"embeddable":true,"href":"https:\/\/www.anthealein.de\/index.php?rest_route=%2Fwp%2Fv2%2Fcomments&post=12399"}],"version-history":[{"count":1,"href":"https:\/\/www.anthealein.de\/index.php?rest_route=\/wp\/v2\/posts\/12399\/revisions"}],"predecessor-version":[{"id":12400,"href":"https:\/\/www.anthealein.de\/index.php?rest_route=\/wp\/v2\/posts\/12399\/revisions\/12400"}],"wp:attachment":[{"href":"https:\/\/www.anthealein.de\/index.php?rest_route=%2Fwp%2Fv2%2Fmedia&parent=12399"}],"wp:term":[{"taxonomy":"category","embeddable":true,"href":"https:\/\/www.anthealein.de\/index.php?rest_route=%2Fwp%2Fv2%2Fcategories&post=12399"},{"taxonomy":"post_tag","embeddable":true,"href":"https:\/\/www.anthealein.de\/index.php?rest_route=%2Fwp%2Fv2%2Ftags&post=12399"}],"curies":[{"name":"wp","href":"https:\/\/api.w.org\/{rel}","templated":true}]}}