{"id":12268,"date":"2014-05-12T20:36:23","date_gmt":"2014-05-12T19:36:23","guid":{"rendered":"http:\/\/www.anthealein.de\/?p=12268"},"modified":"2014-05-12T20:36:23","modified_gmt":"2014-05-12T19:36:23","slug":"lena-4","status":"publish","type":"post","link":"https:\/\/www.anthealein.de\/?p=12268","title":{"rendered":"Lena &hellip;"},"content":{"rendered":"<p>&#160;<\/p>\n<p align=\"justify\">\u2026 hab ich heute fr\u00fcher aus dem Kindergarten geholt, weil ihre Erzieherin es f\u00fcr eine gute Idee hielt, im str\u00f6menden Regen drau\u00dfen zu spielen. Eigentlich hab ich da auch nichts gegen (und Lena sowieso nicht), aber ich darf mir dann in sp\u00e4testens 3 Tagen wieder anh\u00f6ren, wie erk\u00e4ltet doch das arme Kind w\u00e4re. Was ein Wunder *grummel*. Kaum oben, durfte ich auch schon wieder los: Jana abholen. In der Schule geht gerade ein Magen-Darm-Virus rum, der sich (zum Gl\u00fcck) haupts\u00e4chlich in Magenkr\u00e4mpfen und allgemeiner Schlappheit \u00e4u\u00dfert und alle wie die Fliegen umhaut (inkl. Lehrer). War ja klar, das Jana den mitbringen muss. <\/p>\n<p align=\"justify\">&#160;<\/p>\n<p align=\"center\"><a href=\"http:\/\/www.anthealein.de\/wp-content\/uploads\/2014\/05\/12052014.jpg\"><img loading=\"lazy\" decoding=\"async\" title=\"12052014\" style=\"border-top: 0px; border-right: 0px; background-image: none; border-bottom: 0px; padding-top: 0px; padding-left: 0px; border-left: 0px; display: inline; padding-right: 0px\" border=\"0\" alt=\"12052014\" src=\"http:\/\/www.anthealein.de\/wp-content\/uploads\/2014\/05\/12052014_thumb.jpg\" width=\"504\" height=\"504\" \/><\/a><\/p>\n<p align=\"center\">&#160;<\/p>\n<p align=\"center\"><a href=\"http:\/\/www.anthealein.de\/wp-content\/uploads\/2014\/05\/12052014II.jpg\"><img loading=\"lazy\" decoding=\"async\" title=\"12052014II\" style=\"border-top: 0px; border-right: 0px; background-image: none; border-bottom: 0px; padding-top: 0px; padding-left: 0px; border-left: 0px; display: inline; padding-right: 0px\" border=\"0\" alt=\"12052014II\" src=\"http:\/\/www.anthealein.de\/wp-content\/uploads\/2014\/05\/12052014II_thumb.jpg\" width=\"504\" height=\"504\" \/><\/a><\/p>\n","protected":false},"excerpt":{"rendered":"<p>&#160; \u2026 hab ich heute fr\u00fcher aus dem Kindergarten geholt, weil ihre Erzieherin es f\u00fcr eine gute Idee hielt, im str\u00f6menden Regen drau\u00dfen zu spielen. Eigentlich hab ich da auch nichts gegen (und Lena sowieso nicht), aber ich darf mir dann in sp\u00e4testens 3 Tagen wieder anh\u00f6ren, wie erk\u00e4ltet doch das arme Kind w\u00e4re. Was [&hellip;]<\/p>\n","protected":false},"author":1,"featured_media":0,"comment_status":"open","ping_status":"open","sticky":false,"template":"","format":"standard","meta":{"footnotes":""},"categories":[3],"tags":[],"class_list":["post-12268","post","type-post","status-publish","format-standard","hentry","category-alles-mogliche"],"_links":{"self":[{"href":"https:\/\/www.anthealein.de\/index.php?rest_route=\/wp\/v2\/posts\/12268","targetHints":{"allow":["GET"]}}],"collection":[{"href":"https:\/\/www.anthealein.de\/index.php?rest_route=\/wp\/v2\/posts"}],"about":[{"href":"https:\/\/www.anthealein.de\/index.php?rest_route=\/wp\/v2\/types\/post"}],"author":[{"embeddable":true,"href":"https:\/\/www.anthealein.de\/index.php?rest_route=\/wp\/v2\/users\/1"}],"replies":[{"embeddable":true,"href":"https:\/\/www.anthealein.de\/index.php?rest_route=%2Fwp%2Fv2%2Fcomments&post=12268"}],"version-history":[{"count":1,"href":"https:\/\/www.anthealein.de\/index.php?rest_route=\/wp\/v2\/posts\/12268\/revisions"}],"predecessor-version":[{"id":12269,"href":"https:\/\/www.anthealein.de\/index.php?rest_route=\/wp\/v2\/posts\/12268\/revisions\/12269"}],"wp:attachment":[{"href":"https:\/\/www.anthealein.de\/index.php?rest_route=%2Fwp%2Fv2%2Fmedia&parent=12268"}],"wp:term":[{"taxonomy":"category","embeddable":true,"href":"https:\/\/www.anthealein.de\/index.php?rest_route=%2Fwp%2Fv2%2Fcategories&post=12268"},{"taxonomy":"post_tag","embeddable":true,"href":"https:\/\/www.anthealein.de\/index.php?rest_route=%2Fwp%2Fv2%2Ftags&post=12268"}],"curies":[{"name":"wp","href":"https:\/\/api.w.org\/{rel}","templated":true}]}}