{"id":12226,"date":"2014-05-06T18:33:19","date_gmt":"2014-05-06T17:33:19","guid":{"rendered":"http:\/\/www.anthealein.de\/?p=12226"},"modified":"2014-05-06T18:33:19","modified_gmt":"2014-05-06T17:33:19","slug":"knappe-zwei-stunden","status":"publish","type":"post","link":"https:\/\/www.anthealein.de\/?p=12226","title":{"rendered":"Knappe zwei Stunden &hellip;"},"content":{"rendered":"<p>&#160;<\/p>\n<p align=\"justify\">\u2026 haben wir gerade in diversen L\u00e4den auf der Suche nach Wanddeko f\u00fcr die K\u00fcche verbracht. Nu reichts mir f\u00fcrs erste auch wieder. Nebenbei gefunden (aber noch da gelassen): Wanddeko und Farbe f\u00fcrs Schlafzimmer. Wird das n\u00e4chste Projekt <img decoding=\"async\" class=\"wlEmoticon wlEmoticon-smile\" style=\"border-top-style: none; border-bottom-style: none; border-right-style: none; border-left-style: none\" alt=\"Smiley\" src=\"http:\/\/www.anthealein.de\/wp-content\/uploads\/2014\/05\/wlEmoticon-smile1.png\" \/>.<\/p>\n<p align=\"justify\">&#160;<\/p>\n<p align=\"center\"><a href=\"http:\/\/www.anthealein.de\/wp-content\/uploads\/2014\/05\/06052014.jpg\"><img loading=\"lazy\" decoding=\"async\" title=\"06052014\" style=\"border-top: 0px; border-right: 0px; background-image: none; border-bottom: 0px; padding-top: 0px; padding-left: 0px; border-left: 0px; display: inline; padding-right: 0px\" border=\"0\" alt=\"06052014\" src=\"http:\/\/www.anthealein.de\/wp-content\/uploads\/2014\/05\/06052014_thumb.jpg\" width=\"504\" height=\"404\" \/><\/a>    <br \/><img decoding=\"async\" class=\"wlEmoticon wlEmoticon-smile\" style=\"border-top-style: none; border-bottom-style: none; border-right-style: none; border-left-style: none\" alt=\"Smiley\" src=\"http:\/\/www.anthealein.de\/wp-content\/uploads\/2014\/05\/wlEmoticon-smile1.png\" \/><\/p>\n","protected":false},"excerpt":{"rendered":"<p>&#160; \u2026 haben wir gerade in diversen L\u00e4den auf der Suche nach Wanddeko f\u00fcr die K\u00fcche verbracht. Nu reichts mir f\u00fcrs erste auch wieder. Nebenbei gefunden (aber noch da gelassen): Wanddeko und Farbe f\u00fcrs Schlafzimmer. Wird das n\u00e4chste Projekt . &#160;<\/p>\n","protected":false},"author":1,"featured_media":0,"comment_status":"open","ping_status":"open","sticky":false,"template":"","format":"standard","meta":{"footnotes":""},"categories":[3],"tags":[],"class_list":["post-12226","post","type-post","status-publish","format-standard","hentry","category-alles-mogliche"],"_links":{"self":[{"href":"https:\/\/www.anthealein.de\/index.php?rest_route=\/wp\/v2\/posts\/12226","targetHints":{"allow":["GET"]}}],"collection":[{"href":"https:\/\/www.anthealein.de\/index.php?rest_route=\/wp\/v2\/posts"}],"about":[{"href":"https:\/\/www.anthealein.de\/index.php?rest_route=\/wp\/v2\/types\/post"}],"author":[{"embeddable":true,"href":"https:\/\/www.anthealein.de\/index.php?rest_route=\/wp\/v2\/users\/1"}],"replies":[{"embeddable":true,"href":"https:\/\/www.anthealein.de\/index.php?rest_route=%2Fwp%2Fv2%2Fcomments&post=12226"}],"version-history":[{"count":1,"href":"https:\/\/www.anthealein.de\/index.php?rest_route=\/wp\/v2\/posts\/12226\/revisions"}],"predecessor-version":[{"id":12227,"href":"https:\/\/www.anthealein.de\/index.php?rest_route=\/wp\/v2\/posts\/12226\/revisions\/12227"}],"wp:attachment":[{"href":"https:\/\/www.anthealein.de\/index.php?rest_route=%2Fwp%2Fv2%2Fmedia&parent=12226"}],"wp:term":[{"taxonomy":"category","embeddable":true,"href":"https:\/\/www.anthealein.de\/index.php?rest_route=%2Fwp%2Fv2%2Fcategories&post=12226"},{"taxonomy":"post_tag","embeddable":true,"href":"https:\/\/www.anthealein.de\/index.php?rest_route=%2Fwp%2Fv2%2Ftags&post=12226"}],"curies":[{"name":"wp","href":"https:\/\/api.w.org\/{rel}","templated":true}]}}