{"id":12165,"date":"2014-04-25T22:31:47","date_gmt":"2014-04-25T21:31:47","guid":{"rendered":"http:\/\/www.anthealein.de\/?p=12165"},"modified":"2014-04-25T22:36:32","modified_gmt":"2014-04-25T21:36:32","slug":"wie-jedes-jahr","status":"publish","type":"post","link":"https:\/\/www.anthealein.de\/?p=12165","title":{"rendered":"Wie jedes Jahr, &hellip;"},"content":{"rendered":"<p>\u2026 so gab es auch dieses Jahr wieder eine lange Nacht. Dieses Mal in \u201cLange Nacht der Kultur\u201d umgetauft, aber ansonsten gleich geblieben. <\/p>\n<p>&#160;<\/p>\n<p align=\"center\"><a href=\"http:\/\/www.anthealein.de\/wp-content\/uploads\/2014\/04\/25042014.jpg\"><img loading=\"lazy\" decoding=\"async\" title=\"25042014\" style=\"border-top: 0px; border-right: 0px; background-image: none; border-bottom: 0px; padding-top: 0px; padding-left: 0px; border-left: 0px; display: inline; padding-right: 0px\" border=\"0\" alt=\"25042014\" src=\"http:\/\/www.anthealein.de\/wp-content\/uploads\/2014\/04\/25042014_thumb.jpg\" width=\"504\" height=\"404\" \/><\/a>    <br \/>Eigentlich wollten wir alle los, aber Lena ging es schon eine knappe Stunde vorher nicht so toll und so blieben sie und Chris zu Hause.<\/p>\n<p align=\"center\">&#160;<\/p>\n<p align=\"center\"><a href=\"http:\/\/www.anthealein.de\/wp-content\/uploads\/2014\/04\/25042014II.jpg\"><img loading=\"lazy\" decoding=\"async\" title=\"25042014II\" style=\"border-top: 0px; border-right: 0px; background-image: none; border-bottom: 0px; padding-top: 0px; padding-left: 0px; border-left: 0px; display: inline; padding-right: 0px\" border=\"0\" alt=\"25042014II\" src=\"http:\/\/www.anthealein.de\/wp-content\/uploads\/2014\/04\/25042014II_thumb.jpg\" width=\"504\" height=\"504\" \/><\/a><\/p>\n<p align=\"center\">&#160;<\/p>\n<p align=\"center\"><a href=\"http:\/\/www.anthealein.de\/wp-content\/uploads\/2014\/04\/25042014III.jpg\"><img loading=\"lazy\" decoding=\"async\" title=\"25042014III\" style=\"border-top: 0px; border-right: 0px; background-image: none; border-bottom: 0px; padding-top: 0px; padding-left: 0px; border-left: 0px; display: inline; padding-right: 0px\" border=\"0\" alt=\"25042014III\" src=\"http:\/\/www.anthealein.de\/wp-content\/uploads\/2014\/04\/25042014III_thumb.jpg\" width=\"504\" height=\"504\" \/><\/a>    <br \/>Erste Station war wie immer das K\u00fcstenmuseum. In der oberen Etage momentan mit einer Ausstellung \u201cWilhelmshaven anders\u201d. Wenn man konnte und wollte, durfte man das Bild w\u00e4hlen das einem am Besten gefiel. Und \u2013 was ich nicht gedacht h\u00e4tte \u2013 Jana und ich waren einer Meinung (nein, nicht das \u00fcber diesem Text). <\/p>\n<p align=\"center\">&#160;<\/p>\n<p align=\"center\"><a href=\"http:\/\/www.anthealein.de\/wp-content\/uploads\/2014\/04\/25042014IV.jpg\"><img loading=\"lazy\" decoding=\"async\" title=\"25042014IV\" style=\"border-top: 0px; border-right: 0px; background-image: none; border-bottom: 0px; padding-top: 0px; padding-left: 0px; border-left: 0px; display: inline; padding-right: 0px\" border=\"0\" alt=\"25042014IV\" src=\"http:\/\/www.anthealein.de\/wp-content\/uploads\/2014\/04\/25042014IV_thumb.jpg\" width=\"504\" height=\"504\" \/><\/a><\/p>\n<p align=\"center\">&#160;<\/p>\n<p align=\"center\"><a href=\"http:\/\/www.anthealein.de\/wp-content\/uploads\/2014\/04\/25042014V.jpg\"><img loading=\"lazy\" decoding=\"async\" title=\"25042014V\" style=\"border-top: 0px; border-right: 0px; background-image: none; border-bottom: 0px; padding-top: 0px; padding-left: 0px; border-left: 0px; display: inline; padding-right: 0px\" border=\"0\" alt=\"25042014V\" src=\"http:\/\/www.anthealein.de\/wp-content\/uploads\/2014\/04\/25042014V_thumb.jpg\" width=\"504\" height=\"504\" \/><\/a>    <br \/>Basteleien gab es auch wieder im K\u00fcstenmuseum. Kalligraphie und Siegel waren heute das Thema. Die Urkunde ging leider zwischen Aquarium und Wattenmeerhaus verloren. <\/p>\n<p align=\"center\">&#160;<\/p>\n<p align=\"center\"><a href=\"http:\/\/www.anthealein.de\/wp-content\/uploads\/2014\/04\/25042014VI.jpg\"><img loading=\"lazy\" decoding=\"async\" title=\"25042014VI\" style=\"border-top: 0px; border-right: 0px; background-image: none; border-bottom: 0px; padding-top: 0px; padding-left: 0px; border-left: 0px; display: inline; padding-right: 0px\" border=\"0\" alt=\"25042014VI\" src=\"http:\/\/www.anthealein.de\/wp-content\/uploads\/2014\/04\/25042014VI_thumb.jpg\" width=\"504\" height=\"504\" \/><\/a>    <br \/>Kann ja auch mal kommentiert werden: diese sch\u00f6ne Wickelm\u00f6glichkeit im K\u00fcstenmuseum.<\/p>\n<p align=\"center\">&#160;<\/p>\n<p align=\"center\"><a href=\"http:\/\/www.anthealein.de\/wp-content\/uploads\/2014\/04\/25042014VII.jpg\"><img loading=\"lazy\" decoding=\"async\" title=\"25042014VII\" style=\"border-top: 0px; border-right: 0px; background-image: none; border-bottom: 0px; padding-top: 0px; padding-left: 0px; border-left: 0px; display: inline; padding-right: 0px\" border=\"0\" alt=\"25042014VII\" src=\"http:\/\/www.anthealein.de\/wp-content\/uploads\/2014\/04\/25042014VII_thumb.jpg\" width=\"504\" height=\"504\" \/><\/a>    <br \/>Unschwer zu erkennen: nach dem K\u00fcstenmuseum ging es ins Aquarium <img decoding=\"async\" class=\"wlEmoticon wlEmoticon-smile\" style=\"border-top-style: none; border-bottom-style: none; border-right-style: none; border-left-style: none\" alt=\"Smiley\" src=\"http:\/\/www.anthealein.de\/wp-content\/uploads\/2014\/04\/wlEmoticon-smile4.png\" \/><\/p>\n<p align=\"center\">&#160;<\/p>\n<p align=\"center\"><a href=\"http:\/\/www.anthealein.de\/wp-content\/uploads\/2014\/04\/25042014VIII.jpg\"><img loading=\"lazy\" decoding=\"async\" title=\"25042014VIII\" style=\"border-top: 0px; border-right: 0px; background-image: none; border-bottom: 0px; padding-top: 0px; padding-left: 0px; border-left: 0px; display: inline; padding-right: 0px\" border=\"0\" alt=\"25042014VIII\" src=\"http:\/\/www.anthealein.de\/wp-content\/uploads\/2014\/04\/25042014VIII_thumb.jpg\" width=\"504\" height=\"404\" \/><\/a>    <br \/>Und danach: ins Wattenmeerhaus. W\u00e4hrend Jana gebastelt hat, hab ich aus dem Fenster Fotos geschossen und mich anderweitig besch\u00e4ftigt *g*.<\/p>\n<p align=\"center\">&#160;<\/p>\n<p align=\"center\"><a href=\"http:\/\/www.anthealein.de\/wp-content\/uploads\/2014\/04\/25042014IX.jpg\"><img loading=\"lazy\" decoding=\"async\" title=\"25042014IX\" style=\"border-top: 0px; border-right: 0px; background-image: none; border-bottom: 0px; padding-top: 0px; padding-left: 0px; border-left: 0px; display: inline; padding-right: 0px\" border=\"0\" alt=\"25042014IX\" src=\"http:\/\/www.anthealein.de\/wp-content\/uploads\/2014\/04\/25042014IX_thumb.jpg\" width=\"504\" height=\"504\" \/><\/a>    <br \/>Dieser \u201cM\u00fcllmann\u201d brauchte fast eine Stunde \u2026<\/p>\n<p align=\"center\">&#160;<\/p>\n<p align=\"center\"><a href=\"http:\/\/www.anthealein.de\/wp-content\/uploads\/2014\/04\/25042014X.jpg\"><img loading=\"lazy\" decoding=\"async\" title=\"25042014X\" style=\"border-top: 0px; border-right: 0px; background-image: none; border-bottom: 0px; padding-top: 0px; padding-left: 0px; border-left: 0px; display: inline; padding-right: 0px\" border=\"0\" alt=\"25042014X\" src=\"http:\/\/www.anthealein.de\/wp-content\/uploads\/2014\/04\/25042014X_thumb.jpg\" width=\"504\" height=\"404\" \/><\/a>    <br \/>Wir schafften es aber trotzdem rechtzeitig \u2013 mit Umweg \u00fcber zu Hause um den \u201cM\u00fcllmann\u201d los zu werden \u2013 zu einer der Vorstellungen im Ballett. Danach ging es noch in der Kunsthalle (Jana war nach Emden und sogar der Ausstellung im K\u00fcstenmuseum arg entt\u00e4uscht), im Piratenam\u00fcseum und in der Kirche vorbei. <\/p>\n<p align=\"center\">&#160;<\/p>\n<p align=\"center\"><a href=\"http:\/\/www.anthealein.de\/wp-content\/uploads\/2014\/04\/25042014XI.jpg\"><img loading=\"lazy\" decoding=\"async\" title=\"25042014XI\" style=\"border-top: 0px; border-right: 0px; background-image: none; border-bottom: 0px; padding-top: 0px; padding-left: 0px; border-left: 0px; display: inline; padding-right: 0px\" border=\"0\" alt=\"25042014XI\" src=\"http:\/\/www.anthealein.de\/wp-content\/uploads\/2014\/04\/25042014XI_thumb.jpg\" width=\"504\" height=\"504\" \/><\/a>    <br \/>Und damit war es f\u00fcr dieses Jahr auch wieder genug <img decoding=\"async\" class=\"wlEmoticon wlEmoticon-smile\" style=\"border-top-style: none; border-bottom-style: none; border-right-style: none; border-left-style: none\" alt=\"Smiley\" src=\"http:\/\/www.anthealein.de\/wp-content\/uploads\/2014\/04\/wlEmoticon-smile4.png\" \/> . <\/p>\n","protected":false},"excerpt":{"rendered":"<p>\u2026 so gab es auch dieses Jahr wieder eine lange Nacht. Dieses Mal in \u201cLange Nacht der Kultur\u201d umgetauft, aber ansonsten gleich geblieben. &#160; Eigentlich wollten wir alle los, aber Lena ging es schon eine knappe Stunde vorher nicht so toll und so blieben sie und Chris zu Hause. &#160; &#160; Erste Station war wie [&hellip;]<\/p>\n","protected":false},"author":1,"featured_media":0,"comment_status":"open","ping_status":"open","sticky":false,"template":"","format":"standard","meta":{"footnotes":""},"categories":[3],"tags":[],"class_list":["post-12165","post","type-post","status-publish","format-standard","hentry","category-alles-mogliche"],"_links":{"self":[{"href":"https:\/\/www.anthealein.de\/index.php?rest_route=\/wp\/v2\/posts\/12165","targetHints":{"allow":["GET"]}}],"collection":[{"href":"https:\/\/www.anthealein.de\/index.php?rest_route=\/wp\/v2\/posts"}],"about":[{"href":"https:\/\/www.anthealein.de\/index.php?rest_route=\/wp\/v2\/types\/post"}],"author":[{"embeddable":true,"href":"https:\/\/www.anthealein.de\/index.php?rest_route=\/wp\/v2\/users\/1"}],"replies":[{"embeddable":true,"href":"https:\/\/www.anthealein.de\/index.php?rest_route=%2Fwp%2Fv2%2Fcomments&post=12165"}],"version-history":[{"count":3,"href":"https:\/\/www.anthealein.de\/index.php?rest_route=\/wp\/v2\/posts\/12165\/revisions"}],"predecessor-version":[{"id":12168,"href":"https:\/\/www.anthealein.de\/index.php?rest_route=\/wp\/v2\/posts\/12165\/revisions\/12168"}],"wp:attachment":[{"href":"https:\/\/www.anthealein.de\/index.php?rest_route=%2Fwp%2Fv2%2Fmedia&parent=12165"}],"wp:term":[{"taxonomy":"category","embeddable":true,"href":"https:\/\/www.anthealein.de\/index.php?rest_route=%2Fwp%2Fv2%2Fcategories&post=12165"},{"taxonomy":"post_tag","embeddable":true,"href":"https:\/\/www.anthealein.de\/index.php?rest_route=%2Fwp%2Fv2%2Ftags&post=12165"}],"curies":[{"name":"wp","href":"https:\/\/api.w.org\/{rel}","templated":true}]}}