{"id":12016,"date":"2014-04-13T20:37:27","date_gmt":"2014-04-13T19:37:27","guid":{"rendered":"http:\/\/www.anthealein.de\/?p=12016"},"modified":"2014-04-13T20:38:50","modified_gmt":"2014-04-13T19:38:50","slug":"gepflegtes-abhngen","status":"publish","type":"post","link":"https:\/\/www.anthealein.de\/?p=12016","title":{"rendered":"Gepflegtes Abh&auml;ngen &hellip;"},"content":{"rendered":"<p>&#160;<\/p>\n<p align=\"justify\">\u2026 stand heute auf dem Plan. Chris fuhr heute morgen mit Jana zum Radio, w\u00e4hrend ich hier schnell durchwuselte. Jana hatte ja bei der Theaterwerkstatt endlich das richtige Alter f\u00fcr das Projekt Radio und die Kinder wurden zur heutigen \u2013 von Kindern f\u00fcr Kinder moderierten \u2013 Sendung eingeladen. Neben ihr waren noch zwei andere M\u00e4dchen des Radioprojektes da und alle drei durften sich Lieder w\u00fcnschen, ihre Beitr\u00e4ge zur Theaterwerkstatt wurden vorgestellt, sie wurden noch ein wenig interviewt und alle drei wurden eingeladen, wieder zu kommen. Jana ist am 4. Mai wieder dran und war heute schon am \u00fcberlegen, was sie sich als Thema nimmt. <\/p>\n<p align=\"justify\">Morgen: Einkaufen, Arzt, Besuch von einer ehemaligen Kollegin <img decoding=\"async\" class=\"wlEmoticon wlEmoticon-openmouthedsmile\" style=\"border-top-style: none; border-bottom-style: none; border-right-style: none; border-left-style: none\" alt=\"Smiley mit ge\u00f6ffnetem Mund\" src=\"http:\/\/www.anthealein.de\/wp-content\/uploads\/2014\/04\/wlEmoticon-openmouthedsmile1.png\" \/>    <br \/>\u00dcbermorgen: Arbeiten, Treff mit meiner Freundin von Fr\u00fcher (die ich letztens wieder gefunden habe)    <br \/>Mittwoch: Arbeiten, Besuch bei einem ehemaligen Kollegen    <br \/>Donnerstag und Freitag: noch frei (au\u00dfer Arbeit am Donnerstag)    <br \/>Samstag: letzte Eink\u00e4ufe, Schwiemas Geburtstag, Osterfeuer    <br \/>Sonntag + Montag: Ostern feiern <img decoding=\"async\" class=\"wlEmoticon wlEmoticon-openmouthedsmile\" style=\"border-top-style: none; border-bottom-style: none; border-right-style: none; border-left-style: none\" alt=\"Smiley mit ge\u00f6ffnetem Mund\" src=\"http:\/\/www.anthealein.de\/wp-content\/uploads\/2014\/04\/wlEmoticon-openmouthedsmile1.png\" \/><\/p>\n<p align=\"justify\">&#160;<\/p>\n<p align=\"justify\">Kinderlogik:   <br \/>&#8211; Ich, nachdem sich Lena \u00fcber ihre Muttermale beschwert hatte: \u201cIch hab doch auch ganz viele Muttermale.\u201d. Daraufhin sie: \u201cNa klar, du BIST ja auch eine Mutter!\u201d.<\/p>\n<p align=\"justify\">&#160;<\/p>\n<p align=\"center\"><a href=\"http:\/\/www.anthealein.de\/wp-content\/uploads\/2014\/04\/13042014.jpg\"><img loading=\"lazy\" decoding=\"async\" title=\"13042014\" style=\"border-top: 0px; border-right: 0px; background-image: none; border-bottom: 0px; padding-top: 0px; padding-left: 0px; border-left: 0px; display: inline; padding-right: 0px\" border=\"0\" alt=\"13042014\" src=\"http:\/\/www.anthealein.de\/wp-content\/uploads\/2014\/04\/13042014_thumb.jpg\" width=\"504\" height=\"504\" \/><\/a><\/p>\n<p align=\"center\">&#160;<\/p>\n<p align=\"center\"><a href=\"http:\/\/www.anthealein.de\/wp-content\/uploads\/2014\/04\/13042014II.jpg\"><img loading=\"lazy\" decoding=\"async\" title=\"13042014II\" style=\"border-top: 0px; border-right: 0px; background-image: none; border-bottom: 0px; padding-top: 0px; padding-left: 0px; border-left: 0px; display: inline; padding-right: 0px\" border=\"0\" alt=\"13042014II\" src=\"http:\/\/www.anthealein.de\/wp-content\/uploads\/2014\/04\/13042014II_thumb.jpg\" width=\"504\" height=\"504\" \/><\/a>    <br \/>Diese Katze ist \u201cunkaputtbar\u201d. Ich schw\u00f6re es.<\/p>\n<p align=\"center\">&#160;<\/p>\n<p align=\"center\"><a href=\"http:\/\/www.anthealein.de\/wp-content\/uploads\/2014\/04\/13042014III.jpg\"><img loading=\"lazy\" decoding=\"async\" title=\"13042014III\" style=\"border-top: 0px; border-right: 0px; background-image: none; border-bottom: 0px; padding-top: 0px; padding-left: 0px; border-left: 0px; display: inline; padding-right: 0px\" border=\"0\" alt=\"13042014III\" src=\"http:\/\/www.anthealein.de\/wp-content\/uploads\/2014\/04\/13042014III_thumb.jpg\" width=\"504\" height=\"504\" \/><\/a>    <br \/>:herz:<\/p>\n","protected":false},"excerpt":{"rendered":"<p>&#160; \u2026 stand heute auf dem Plan. Chris fuhr heute morgen mit Jana zum Radio, w\u00e4hrend ich hier schnell durchwuselte. Jana hatte ja bei der Theaterwerkstatt endlich das richtige Alter f\u00fcr das Projekt Radio und die Kinder wurden zur heutigen \u2013 von Kindern f\u00fcr Kinder moderierten \u2013 Sendung eingeladen. Neben ihr waren noch zwei andere [&hellip;]<\/p>\n","protected":false},"author":1,"featured_media":0,"comment_status":"open","ping_status":"open","sticky":false,"template":"","format":"standard","meta":{"footnotes":""},"categories":[3],"tags":[],"class_list":["post-12016","post","type-post","status-publish","format-standard","hentry","category-alles-mogliche"],"_links":{"self":[{"href":"https:\/\/www.anthealein.de\/index.php?rest_route=\/wp\/v2\/posts\/12016","targetHints":{"allow":["GET"]}}],"collection":[{"href":"https:\/\/www.anthealein.de\/index.php?rest_route=\/wp\/v2\/posts"}],"about":[{"href":"https:\/\/www.anthealein.de\/index.php?rest_route=\/wp\/v2\/types\/post"}],"author":[{"embeddable":true,"href":"https:\/\/www.anthealein.de\/index.php?rest_route=\/wp\/v2\/users\/1"}],"replies":[{"embeddable":true,"href":"https:\/\/www.anthealein.de\/index.php?rest_route=%2Fwp%2Fv2%2Fcomments&post=12016"}],"version-history":[{"count":2,"href":"https:\/\/www.anthealein.de\/index.php?rest_route=\/wp\/v2\/posts\/12016\/revisions"}],"predecessor-version":[{"id":12018,"href":"https:\/\/www.anthealein.de\/index.php?rest_route=\/wp\/v2\/posts\/12016\/revisions\/12018"}],"wp:attachment":[{"href":"https:\/\/www.anthealein.de\/index.php?rest_route=%2Fwp%2Fv2%2Fmedia&parent=12016"}],"wp:term":[{"taxonomy":"category","embeddable":true,"href":"https:\/\/www.anthealein.de\/index.php?rest_route=%2Fwp%2Fv2%2Fcategories&post=12016"},{"taxonomy":"post_tag","embeddable":true,"href":"https:\/\/www.anthealein.de\/index.php?rest_route=%2Fwp%2Fv2%2Ftags&post=12016"}],"curies":[{"name":"wp","href":"https:\/\/api.w.org\/{rel}","templated":true}]}}