{"id":11992,"date":"2014-04-09T19:29:28","date_gmt":"2014-04-09T18:29:28","guid":{"rendered":"http:\/\/www.anthealein.de\/?p=11992"},"modified":"2014-04-09T19:29:28","modified_gmt":"2014-04-09T18:29:28","slug":"zu-doof-2","status":"publish","type":"post","link":"https:\/\/www.anthealein.de\/?p=11992","title":{"rendered":"Zu doof &hellip;"},"content":{"rendered":"<p>&#160;<\/p>\n<p align=\"justify\">\u2026 wenn man (Frau) vergisst,&#160; das man (Frau) so gar keine Lust mehr auf Karnevalsfr\u00fchst\u00fcck im Kindergarten hatte und das man (Frau) weil das Herbstfr\u00fchst\u00fcck schon vergeben war, sich f\u00fcr das Osterfr\u00fchst\u00fcck eingetragen hat. Heute wurde ich per Zettelwirtschaft drum gebeten, Wackelpudding zu produzieren. Zum Gl\u00fcck sah ich im Fach der organisierenden Mutter den Zettel von einem der anderen beteiligten Elternteile. Der Gute hatte ihren Organisationsversuch falsch verstanden und wollte f\u00fcr sich gerne den Wackelpudding und die Rohkostplatte haben. Also hab ich freundlicherweise *h\u00fcstel* (meine letzten Puddingversuche sind grausam gescheitert) getauscht und habe die Mini-W\u00fcrstchen + jede Menge Muffins \u00fcbernommen. Jetzt hoffe ich nur, das Mutter Nr. 3 verstanden hat, das sie f\u00fcr die Osterdeko verantwortlich ist *lach*. <\/p>\n<p align=\"justify\">Und weil man Arbeit ja nicht vor sich her schieben soll, morgen sowieso noch mehr als genug auf dem Plan steht (Marktkauf, \u00c4rztin, Jana holen, um 18 Uhr im Kindergarten aufbauen und schm\u00fccken) und ich garantiert keine Lust habe morgen Abend um 20 Uhr noch den Backofen anzuwerfen, habe ich das gleich heute erledigt. Nachdem ich mit den Kindern s\u00e4mtliche Zutaten eingekauft hatte nat\u00fcrlich. <\/p>\n<p align=\"justify\">&#160;<\/p>\n<p align=\"center\"><a href=\"http:\/\/www.anthealein.de\/wp-content\/uploads\/2014\/04\/09042014.jpg\"><img loading=\"lazy\" decoding=\"async\" title=\"09042014\" style=\"border-top: 0px; border-right: 0px; background-image: none; border-bottom: 0px; padding-top: 0px; padding-left: 0px; border-left: 0px; display: inline; padding-right: 0px\" border=\"0\" alt=\"09042014\" src=\"http:\/\/www.anthealein.de\/wp-content\/uploads\/2014\/04\/09042014_thumb.jpg\" width=\"504\" height=\"504\" \/><\/a><\/p>\n","protected":false},"excerpt":{"rendered":"<p>&#160; \u2026 wenn man (Frau) vergisst,&#160; das man (Frau) so gar keine Lust mehr auf Karnevalsfr\u00fchst\u00fcck im Kindergarten hatte und das man (Frau) weil das Herbstfr\u00fchst\u00fcck schon vergeben war, sich f\u00fcr das Osterfr\u00fchst\u00fcck eingetragen hat. Heute wurde ich per Zettelwirtschaft drum gebeten, Wackelpudding zu produzieren. Zum Gl\u00fcck sah ich im Fach der organisierenden Mutter den [&hellip;]<\/p>\n","protected":false},"author":1,"featured_media":0,"comment_status":"open","ping_status":"open","sticky":false,"template":"","format":"standard","meta":{"footnotes":""},"categories":[3],"tags":[],"class_list":["post-11992","post","type-post","status-publish","format-standard","hentry","category-alles-mogliche"],"_links":{"self":[{"href":"https:\/\/www.anthealein.de\/index.php?rest_route=\/wp\/v2\/posts\/11992","targetHints":{"allow":["GET"]}}],"collection":[{"href":"https:\/\/www.anthealein.de\/index.php?rest_route=\/wp\/v2\/posts"}],"about":[{"href":"https:\/\/www.anthealein.de\/index.php?rest_route=\/wp\/v2\/types\/post"}],"author":[{"embeddable":true,"href":"https:\/\/www.anthealein.de\/index.php?rest_route=\/wp\/v2\/users\/1"}],"replies":[{"embeddable":true,"href":"https:\/\/www.anthealein.de\/index.php?rest_route=%2Fwp%2Fv2%2Fcomments&post=11992"}],"version-history":[{"count":1,"href":"https:\/\/www.anthealein.de\/index.php?rest_route=\/wp\/v2\/posts\/11992\/revisions"}],"predecessor-version":[{"id":11993,"href":"https:\/\/www.anthealein.de\/index.php?rest_route=\/wp\/v2\/posts\/11992\/revisions\/11993"}],"wp:attachment":[{"href":"https:\/\/www.anthealein.de\/index.php?rest_route=%2Fwp%2Fv2%2Fmedia&parent=11992"}],"wp:term":[{"taxonomy":"category","embeddable":true,"href":"https:\/\/www.anthealein.de\/index.php?rest_route=%2Fwp%2Fv2%2Fcategories&post=11992"},{"taxonomy":"post_tag","embeddable":true,"href":"https:\/\/www.anthealein.de\/index.php?rest_route=%2Fwp%2Fv2%2Ftags&post=11992"}],"curies":[{"name":"wp","href":"https:\/\/api.w.org\/{rel}","templated":true}]}}