{"id":11984,"date":"2014-04-07T20:20:20","date_gmt":"2014-04-07T19:20:20","guid":{"rendered":"http:\/\/www.anthealein.de\/?p=11984"},"modified":"2014-04-07T20:20:20","modified_gmt":"2014-04-07T19:20:20","slug":"fr-jana","status":"publish","type":"post","link":"https:\/\/www.anthealein.de\/?p=11984","title":{"rendered":"F&uuml;r Jana &hellip;"},"content":{"rendered":"<p>&#160;<\/p>\n<p align=\"justify\">\u2026 gab es heute den ersten Tag der diesj\u00e4hrigen Theaterwerkstatt, diesmal im Projekt \u201cRadio\u201d. F\u00fcr Lena gab es die \u201cHolzwerkstatt\u201d im Kindergarten und ich hab einen ruhigen Vormittag zu Hause verbracht und eben schnell durchgewischt. Nachmittags kamen erst E. und M. hoch und spielten mit Lena, bevor Lena und ich los mussten. Erst zu Kaufland und dann weiter zur Physio f\u00fcr die vorerst letzte Behandlung. Am 21. hab ich Neurotermin, bis dahin mache ich Physiopause. <\/p>\n<p align=\"justify\">&#160;<\/p>\n<p align=\"center\"><a href=\"http:\/\/www.anthealein.de\/wp-content\/uploads\/2014\/04\/07042014.jpg\"><img loading=\"lazy\" decoding=\"async\" title=\"07042014\" style=\"border-top: 0px; border-right: 0px; background-image: none; border-bottom: 0px; padding-top: 0px; padding-left: 0px; border-left: 0px; display: inline; padding-right: 0px\" border=\"0\" alt=\"07042014\" src=\"http:\/\/www.anthealein.de\/wp-content\/uploads\/2014\/04\/07042014_thumb.jpg\" width=\"504\" height=\"504\" \/><\/a><\/p>\n<p align=\"center\">&#160;<\/p>\n<p align=\"center\"><a href=\"http:\/\/www.anthealein.de\/wp-content\/uploads\/2014\/04\/07042014II.jpg\"><img loading=\"lazy\" decoding=\"async\" title=\"07042014II\" style=\"border-top: 0px; border-right: 0px; background-image: none; border-bottom: 0px; padding-top: 0px; padding-left: 0px; border-left: 0px; display: inline; padding-right: 0px\" border=\"0\" alt=\"07042014II\" src=\"http:\/\/www.anthealein.de\/wp-content\/uploads\/2014\/04\/07042014II_thumb.jpg\" width=\"504\" height=\"504\" \/><\/a>    <br \/>Lena musste Jana ein \u201cInterview\u201d geben f\u00fcr die Theaterwerkstatt. Man beachte das MIkrofon. Das gab es vor vielen, vielen Jahren zu dem PC-Spiel \u201cFin fin\u201d dazu. Das gute St\u00fcck wird n\u00e4chstes Jahr vollj\u00e4hrig *g*. <\/p>\n<p align=\"center\">&#160;<\/p>\n<p align=\"center\"><a href=\"http:\/\/www.anthealein.de\/wp-content\/uploads\/2014\/04\/07042014III.jpg\"><img loading=\"lazy\" decoding=\"async\" title=\"07042014III\" style=\"border-top: 0px; border-right: 0px; background-image: none; border-bottom: 0px; padding-top: 0px; padding-left: 0px; border-left: 0px; display: inline; padding-right: 0px\" border=\"0\" alt=\"07042014III\" src=\"http:\/\/www.anthealein.de\/wp-content\/uploads\/2014\/04\/07042014III_thumb.jpg\" width=\"304\" height=\"504\" \/><\/a><\/p>\n","protected":false},"excerpt":{"rendered":"<p>&#160; \u2026 gab es heute den ersten Tag der diesj\u00e4hrigen Theaterwerkstatt, diesmal im Projekt \u201cRadio\u201d. F\u00fcr Lena gab es die \u201cHolzwerkstatt\u201d im Kindergarten und ich hab einen ruhigen Vormittag zu Hause verbracht und eben schnell durchgewischt. Nachmittags kamen erst E. und M. hoch und spielten mit Lena, bevor Lena und ich los mussten. Erst zu [&hellip;]<\/p>\n","protected":false},"author":1,"featured_media":0,"comment_status":"open","ping_status":"open","sticky":false,"template":"","format":"standard","meta":{"footnotes":""},"categories":[3],"tags":[],"class_list":["post-11984","post","type-post","status-publish","format-standard","hentry","category-alles-mogliche"],"_links":{"self":[{"href":"https:\/\/www.anthealein.de\/index.php?rest_route=\/wp\/v2\/posts\/11984","targetHints":{"allow":["GET"]}}],"collection":[{"href":"https:\/\/www.anthealein.de\/index.php?rest_route=\/wp\/v2\/posts"}],"about":[{"href":"https:\/\/www.anthealein.de\/index.php?rest_route=\/wp\/v2\/types\/post"}],"author":[{"embeddable":true,"href":"https:\/\/www.anthealein.de\/index.php?rest_route=\/wp\/v2\/users\/1"}],"replies":[{"embeddable":true,"href":"https:\/\/www.anthealein.de\/index.php?rest_route=%2Fwp%2Fv2%2Fcomments&post=11984"}],"version-history":[{"count":1,"href":"https:\/\/www.anthealein.de\/index.php?rest_route=\/wp\/v2\/posts\/11984\/revisions"}],"predecessor-version":[{"id":11985,"href":"https:\/\/www.anthealein.de\/index.php?rest_route=\/wp\/v2\/posts\/11984\/revisions\/11985"}],"wp:attachment":[{"href":"https:\/\/www.anthealein.de\/index.php?rest_route=%2Fwp%2Fv2%2Fmedia&parent=11984"}],"wp:term":[{"taxonomy":"category","embeddable":true,"href":"https:\/\/www.anthealein.de\/index.php?rest_route=%2Fwp%2Fv2%2Fcategories&post=11984"},{"taxonomy":"post_tag","embeddable":true,"href":"https:\/\/www.anthealein.de\/index.php?rest_route=%2Fwp%2Fv2%2Ftags&post=11984"}],"curies":[{"name":"wp","href":"https:\/\/api.w.org\/{rel}","templated":true}]}}