{"id":11768,"date":"2014-03-04T21:21:08","date_gmt":"2014-03-04T20:21:08","guid":{"rendered":"http:\/\/www.anthealein.de\/?p=11768"},"modified":"2014-03-04T22:40:26","modified_gmt":"2014-03-04T21:40:26","slug":"ich-mach-drei-kreuze","status":"publish","type":"post","link":"https:\/\/www.anthealein.de\/?p=11768","title":{"rendered":"Ich mach drei Kreuze &hellip;"},"content":{"rendered":"<p align=\"justify\">&#160;<\/p>\n<p align=\"justify\">\u2026 wenn das Kind endlich, endlich in die Schule darf und wir den Kindergarten hinter uns lassen. Morgen \u201cdarf\u201d ich mal wieder zum Gespr\u00e4ch. Das Kind r\u00e4umt nicht auf, das Kind kann nicht still sitzen, das Kind dies, das Kind das. Das Kind musste sich letztes Mal bei der neuen Erzieherin entschuldigen, weil das Kind \u2013 vor die Wahl gestellt richtig zu Schaukeln oder den Schaukelbereich zu verlassen \u2013 sich daf\u00fcr entschieden hat, den Schaukelbereich wortlos zu verlassen. Das \u201cwortlos\u201d war wohl das Problem f\u00fcr die Erzieherin, bei der sich Lena dann entschuldigen musste f\u00fcr ihr Verhalten. <\/p>\n<p align=\"justify\">Gef\u00fchlte (und wahrscheinlich auch die tats\u00e4chlichen) Beschwerden dieser Art in den letzten 8 Wochen? Min. 35. Positive R\u00fcckmeldungen? Ganze 2. \u201cLena hat heute aufger\u00e4umt\u201d und \u201cLena ist eine gute Freundin\u201d (weil sie die alleinige Schuld auf sich genommen hat f\u00fcr die Zahnb\u00fcrsten-im-Klo-versenk-Aktion). Beides f\u00fcr mich nur m\u00e4\u00dfig positive Aspekte. Ob Lena sch\u00f6n basteln, malen, singen oder mit den kleinen Kindern spielen kann? W\u00fcsste ich gerne, erfahre ich aber nicht. Und da ich heute Mittag auch gleich \u00fcberfallen wurde und selber keinen so guten Tag hatte, habe ich einen Teil des morgigen Gespr\u00e4chs schon mal vorgezogen und Lenas Erzieherin das obige praktisch auch schon mal mitgeteilt. Nein, soooo w\u00e4re das doch gar nicht \u2026 Na ja, reden wir morgen in Ruhe weiter, heute bin ich leicht emotional rausgerauscht <img decoding=\"async\" class=\"wlEmoticon wlEmoticon-sadsmile\" style=\"border-top-style: none; border-bottom-style: none; border-right-style: none; border-left-style: none\" alt=\"Trauriges Smiley\" src=\"http:\/\/www.anthealein.de\/wp-content\/uploads\/2014\/03\/wlEmoticon-sadsmile.png\" \/> . <\/p>\n<p align=\"justify\">Wenigstens hatte ich daraufhin so wenig Appetit und so wenig Zeit, weil Jana zum Ballett musste, das ich heraus gefunden habe, wie ich meine \u00dcbelkeit, die Oberbauchschmerzen und co. in den Griff bekomme: nichts Essen ist die beste Medizin. Ich hatte ja fast schon den Verdacht, als es Ende vorletzter Woche schon wieder losging mit dem Ziegelsteingef\u00fchl im Magen beim Essen: irgendwie muckt meine Gallenblase wieder. Das erh\u00f6hte CRP bei der Blutabnahme letztes Mal passt da auch zu. Also Donnerstag Nachmittag mal den Arzt aufsuchen \u2026 Ich hatte ja eigentlich gehofft, das es sich von alleine erledigt, aber da muss vielleicht dann doch mal Antibiotika ran. <\/p>\n<p align=\"justify\">&#160;<\/p>\n<p align=\"center\"><a href=\"http:\/\/www.anthealein.de\/wp-content\/uploads\/2014\/03\/04032014.jpg\"><img loading=\"lazy\" decoding=\"async\" title=\"04032014\" style=\"border-left-width: 0px; border-right-width: 0px; background-image: none; border-bottom-width: 0px; padding-top: 0px; padding-left: 0px; display: inline; padding-right: 0px; border-top-width: 0px\" border=\"0\" alt=\"04032014\" src=\"http:\/\/www.anthealein.de\/wp-content\/uploads\/2014\/03\/04032014_thumb.jpg\" width=\"504\" height=\"504\" \/><\/a><\/p>\n","protected":false},"excerpt":{"rendered":"<p>&#160; \u2026 wenn das Kind endlich, endlich in die Schule darf und wir den Kindergarten hinter uns lassen. Morgen \u201cdarf\u201d ich mal wieder zum Gespr\u00e4ch. Das Kind r\u00e4umt nicht auf, das Kind kann nicht still sitzen, das Kind dies, das Kind das. Das Kind musste sich letztes Mal bei der neuen Erzieherin entschuldigen, weil das [&hellip;]<\/p>\n","protected":false},"author":1,"featured_media":0,"comment_status":"open","ping_status":"open","sticky":false,"template":"","format":"standard","meta":{"footnotes":""},"categories":[3],"tags":[],"class_list":["post-11768","post","type-post","status-publish","format-standard","hentry","category-alles-mogliche"],"_links":{"self":[{"href":"https:\/\/www.anthealein.de\/index.php?rest_route=\/wp\/v2\/posts\/11768","targetHints":{"allow":["GET"]}}],"collection":[{"href":"https:\/\/www.anthealein.de\/index.php?rest_route=\/wp\/v2\/posts"}],"about":[{"href":"https:\/\/www.anthealein.de\/index.php?rest_route=\/wp\/v2\/types\/post"}],"author":[{"embeddable":true,"href":"https:\/\/www.anthealein.de\/index.php?rest_route=\/wp\/v2\/users\/1"}],"replies":[{"embeddable":true,"href":"https:\/\/www.anthealein.de\/index.php?rest_route=%2Fwp%2Fv2%2Fcomments&post=11768"}],"version-history":[{"count":1,"href":"https:\/\/www.anthealein.de\/index.php?rest_route=\/wp\/v2\/posts\/11768\/revisions"}],"predecessor-version":[{"id":11770,"href":"https:\/\/www.anthealein.de\/index.php?rest_route=\/wp\/v2\/posts\/11768\/revisions\/11770"}],"wp:attachment":[{"href":"https:\/\/www.anthealein.de\/index.php?rest_route=%2Fwp%2Fv2%2Fmedia&parent=11768"}],"wp:term":[{"taxonomy":"category","embeddable":true,"href":"https:\/\/www.anthealein.de\/index.php?rest_route=%2Fwp%2Fv2%2Fcategories&post=11768"},{"taxonomy":"post_tag","embeddable":true,"href":"https:\/\/www.anthealein.de\/index.php?rest_route=%2Fwp%2Fv2%2Ftags&post=11768"}],"curies":[{"name":"wp","href":"https:\/\/api.w.org\/{rel}","templated":true}]}}