{"id":11756,"date":"2014-03-02T19:52:59","date_gmt":"2014-03-02T18:52:59","guid":{"rendered":"http:\/\/www.anthealein.de\/?p=11756"},"modified":"2014-03-02T19:54:19","modified_gmt":"2014-03-02T18:54:19","slug":"morgen-8","status":"publish","type":"post","link":"https:\/\/www.anthealein.de\/?p=11756","title":{"rendered":"Morgen &hellip;"},"content":{"rendered":"<p>&#160;<\/p>\n<p align=\"justify\">\u2026 wird endlich Karneval gefeiert im Kindergarten und Lena freut sich schon total darauf. Jana ist dann zum Gl\u00fcck erst am Dienstag dran in der Schule, aber morgen ist f\u00fcr beide die Feier im Ballett. Und dann sind wir zum Gl\u00fcck auch damit wieder durch. <\/p>\n<p align=\"justify\">Chris fuhr heute morgen schon zu Marc, Jana und J. kamen so gut wie gar nicht aus ihrem Zimmer raus und auch Lena machte es sich heute morgen gem\u00fctlich in ihrem Bett mit einer H\u00f6rspiel-CD. Also konnte ich in Ruhe wischen, waschen und backen. <\/p>\n<p align=\"justify\">Nachmittags kamen dann noch Schwies und damit waren das Haus und der Tisch voll, als es Abends endlich Essen gab <img decoding=\"async\" class=\"wlEmoticon wlEmoticon-openmouthedsmile\" style=\"border-top-style: none; border-bottom-style: none; border-right-style: none; border-left-style: none\" alt=\"Smiley mit ge\u00f6ffnetem Mund\" src=\"http:\/\/www.anthealein.de\/wp-content\/uploads\/2014\/03\/wlEmoticon-openmouthedsmile.png\" \/> . So macht das Spa\u00df.<\/p>\n<p align=\"justify\">&#160;<\/p>\n<p align=\"center\"><a href=\"http:\/\/www.anthealein.de\/wp-content\/uploads\/2014\/03\/02032014.jpg\"><img loading=\"lazy\" decoding=\"async\" title=\"02032014\" style=\"border-left-width: 0px; border-right-width: 0px; background-image: none; border-bottom-width: 0px; padding-top: 0px; padding-left: 0px; display: inline; padding-right: 0px; border-top-width: 0px\" border=\"0\" alt=\"02032014\" src=\"http:\/\/www.anthealein.de\/wp-content\/uploads\/2014\/03\/02032014_thumb.jpg\" width=\"504\" height=\"504\" \/><\/a><\/p>\n","protected":false},"excerpt":{"rendered":"<p>&#160; \u2026 wird endlich Karneval gefeiert im Kindergarten und Lena freut sich schon total darauf. Jana ist dann zum Gl\u00fcck erst am Dienstag dran in der Schule, aber morgen ist f\u00fcr beide die Feier im Ballett. Und dann sind wir zum Gl\u00fcck auch damit wieder durch. Chris fuhr heute morgen schon zu Marc, Jana und [&hellip;]<\/p>\n","protected":false},"author":1,"featured_media":0,"comment_status":"open","ping_status":"open","sticky":false,"template":"","format":"standard","meta":{"footnotes":""},"categories":[3],"tags":[],"class_list":["post-11756","post","type-post","status-publish","format-standard","hentry","category-alles-mogliche"],"_links":{"self":[{"href":"https:\/\/www.anthealein.de\/index.php?rest_route=\/wp\/v2\/posts\/11756","targetHints":{"allow":["GET"]}}],"collection":[{"href":"https:\/\/www.anthealein.de\/index.php?rest_route=\/wp\/v2\/posts"}],"about":[{"href":"https:\/\/www.anthealein.de\/index.php?rest_route=\/wp\/v2\/types\/post"}],"author":[{"embeddable":true,"href":"https:\/\/www.anthealein.de\/index.php?rest_route=\/wp\/v2\/users\/1"}],"replies":[{"embeddable":true,"href":"https:\/\/www.anthealein.de\/index.php?rest_route=%2Fwp%2Fv2%2Fcomments&post=11756"}],"version-history":[{"count":1,"href":"https:\/\/www.anthealein.de\/index.php?rest_route=\/wp\/v2\/posts\/11756\/revisions"}],"predecessor-version":[{"id":11757,"href":"https:\/\/www.anthealein.de\/index.php?rest_route=\/wp\/v2\/posts\/11756\/revisions\/11757"}],"wp:attachment":[{"href":"https:\/\/www.anthealein.de\/index.php?rest_route=%2Fwp%2Fv2%2Fmedia&parent=11756"}],"wp:term":[{"taxonomy":"category","embeddable":true,"href":"https:\/\/www.anthealein.de\/index.php?rest_route=%2Fwp%2Fv2%2Fcategories&post=11756"},{"taxonomy":"post_tag","embeddable":true,"href":"https:\/\/www.anthealein.de\/index.php?rest_route=%2Fwp%2Fv2%2Ftags&post=11756"}],"curies":[{"name":"wp","href":"https:\/\/api.w.org\/{rel}","templated":true}]}}