{"id":11740,"date":"2014-02-25T20:14:09","date_gmt":"2014-02-25T19:14:09","guid":{"rendered":"http:\/\/www.anthealein.de\/?p=11740"},"modified":"2014-02-25T20:14:09","modified_gmt":"2014-02-25T19:14:09","slug":"bei-dem-wetter","status":"publish","type":"post","link":"https:\/\/www.anthealein.de\/?p=11740","title":{"rendered":"Bei dem Wetter &hellip;"},"content":{"rendered":"<p>&#160;<\/p>\n<p align=\"justify\">\u2026 konnte ich eigentlich nicht anders, als mit den Kindern zu Fu\u00df raus zu gehen. Zum Ballett ging es f\u00fcr Jana, Lena und ich zogen weiter in den Kurpark. Und zusammen ging es zur Schule (Gespr\u00e4ch wegen der Schulempfehlung), zu NP und nach Hause. <\/p>\n<p align=\"justify\">&#160;<\/p>\n<p align=\"center\"><a href=\"http:\/\/www.anthealein.de\/wp-content\/uploads\/2014\/02\/25022014.jpg\"><img loading=\"lazy\" decoding=\"async\" title=\"25022014\" style=\"border-top: 0px; border-right: 0px; background-image: none; border-bottom: 0px; padding-top: 0px; padding-left: 0px; border-left: 0px; display: inline; padding-right: 0px\" border=\"0\" alt=\"25022014\" src=\"http:\/\/www.anthealein.de\/wp-content\/uploads\/2014\/02\/25022014_thumb.jpg\" width=\"504\" height=\"504\" \/><\/a><\/p>\n","protected":false},"excerpt":{"rendered":"<p>&#160; \u2026 konnte ich eigentlich nicht anders, als mit den Kindern zu Fu\u00df raus zu gehen. Zum Ballett ging es f\u00fcr Jana, Lena und ich zogen weiter in den Kurpark. Und zusammen ging es zur Schule (Gespr\u00e4ch wegen der Schulempfehlung), zu NP und nach Hause. &#160;<\/p>\n","protected":false},"author":1,"featured_media":0,"comment_status":"open","ping_status":"open","sticky":false,"template":"","format":"standard","meta":{"footnotes":""},"categories":[3],"tags":[],"class_list":["post-11740","post","type-post","status-publish","format-standard","hentry","category-alles-mogliche"],"_links":{"self":[{"href":"https:\/\/www.anthealein.de\/index.php?rest_route=\/wp\/v2\/posts\/11740","targetHints":{"allow":["GET"]}}],"collection":[{"href":"https:\/\/www.anthealein.de\/index.php?rest_route=\/wp\/v2\/posts"}],"about":[{"href":"https:\/\/www.anthealein.de\/index.php?rest_route=\/wp\/v2\/types\/post"}],"author":[{"embeddable":true,"href":"https:\/\/www.anthealein.de\/index.php?rest_route=\/wp\/v2\/users\/1"}],"replies":[{"embeddable":true,"href":"https:\/\/www.anthealein.de\/index.php?rest_route=%2Fwp%2Fv2%2Fcomments&post=11740"}],"version-history":[{"count":0,"href":"https:\/\/www.anthealein.de\/index.php?rest_route=\/wp\/v2\/posts\/11740\/revisions"}],"wp:attachment":[{"href":"https:\/\/www.anthealein.de\/index.php?rest_route=%2Fwp%2Fv2%2Fmedia&parent=11740"}],"wp:term":[{"taxonomy":"category","embeddable":true,"href":"https:\/\/www.anthealein.de\/index.php?rest_route=%2Fwp%2Fv2%2Fcategories&post=11740"},{"taxonomy":"post_tag","embeddable":true,"href":"https:\/\/www.anthealein.de\/index.php?rest_route=%2Fwp%2Fv2%2Ftags&post=11740"}],"curies":[{"name":"wp","href":"https:\/\/api.w.org\/{rel}","templated":true}]}}