{"id":11512,"date":"2014-01-13T18:36:18","date_gmt":"2014-01-13T17:36:18","guid":{"rendered":"http:\/\/www.anthealein.de\/?p=11512"},"modified":"2014-01-13T18:36:18","modified_gmt":"2014-01-13T17:36:18","slug":"frau-doktor","status":"publish","type":"post","link":"https:\/\/www.anthealein.de\/?p=11512","title":{"rendered":"Frau Doktor &hellip;"},"content":{"rendered":"<p>&#160;<\/p>\n<p align=\"justify\">\u2026 h\u00e4lt von Kortison noch weniger als ihr Vorg\u00e4nger, weshalb ich nur die Tablettenkur zu Ende machen soll. Ich bin ein wenig zwiegespalten dr\u00fcber, zumal Frau Doktor andererseits schon wieder ein MRT haben und mir eine Basistherapie andrehen will. Wenn ich dran denke, wie es mir noch bis letzten Januar mit der Basistherapie ergangen ist (HWIs, Lymphknoten, Lungenentz\u00fcndungen und co.) und wie oft ich in der Zeit Antibiotika nehmen musste \u2026 Och n\u00f6, dann doch lieber nicht. Schwindel nervt immer noch, die einfachste \u201caufs-Trampolin-rauf-und-runter-steigen-\u00dcbung\u201d ging gr\u00fcndlich schwankend daneben und ich w\u00e4re fast auf Lena gelandet, die neben mir stand.<\/p>\n<p align=\"justify\">Am Schlimmsten ist aber immer noch mein fehlender Kopf und die M\u00fcdigkeit. Heute morgen ging es schon gut los, als der Fahrstuhl stecken blieb im \u00c4rztehaus. 15 Minuten sp\u00e4ter schmiss uns der Aufzug im Erdgescho\u00df wieder raus und eine Frau stieg mit mir die Treppe nach oben, ging mit mir in die Praxis, setzte sich im Wartezimmer neben mich und unterhielt sich kurz mit mir. Ein wenig Zeitung bl\u00e4tterte ich, beobachtete das Kommen und Gehen der Patienten, wunderte mich wieso man Termine f\u00fcr 8 Uhr vergibt wenn die \u00c4rztinnen doch erst um 9 Uhr kommen. Und stellte pl\u00f6tzlich fest, das die andere Patientin weg war. Einfach so, wie weggezaubert. Ich k\u00f6nnte schw\u00f6ren, das sie nicht vor mir aufgerufen wurde oder \u00e4hnliches. Und eingeschlafen bin ich auch erst knappe 15 Minuten sp\u00e4ter, w\u00e4hrend ich auf die Untersuchungen wartete. <\/p>\n<p align=\"justify\">&#160;<\/p>\n<p align=\"center\"><a href=\"http:\/\/www.anthealein.de\/wp-content\/uploads\/2014\/01\/13012014.jpg\"><img loading=\"lazy\" decoding=\"async\" title=\"13012014\" style=\"border-top: 0px; border-right: 0px; background-image: none; border-bottom: 0px; padding-top: 0px; padding-left: 0px; border-left: 0px; display: inline; padding-right: 0px\" border=\"0\" alt=\"13012014\" src=\"http:\/\/www.anthealein.de\/wp-content\/uploads\/2014\/01\/13012014_thumb.jpg\" width=\"504\" height=\"504\" \/><\/a><\/p>\n<p align=\"center\">&#160;<\/p>\n<p align=\"center\"><a href=\"http:\/\/www.anthealein.de\/wp-content\/uploads\/2014\/01\/13012014II.jpg\"><img loading=\"lazy\" decoding=\"async\" title=\"13012014II\" style=\"border-top: 0px; border-right: 0px; background-image: none; border-bottom: 0px; padding-top: 0px; padding-left: 0px; border-left: 0px; display: inline; padding-right: 0px\" border=\"0\" alt=\"13012014II\" src=\"http:\/\/www.anthealein.de\/wp-content\/uploads\/2014\/01\/13012014II_thumb.jpg\" width=\"504\" height=\"504\" \/><\/a><\/p>\n","protected":false},"excerpt":{"rendered":"<p>&#160; \u2026 h\u00e4lt von Kortison noch weniger als ihr Vorg\u00e4nger, weshalb ich nur die Tablettenkur zu Ende machen soll. Ich bin ein wenig zwiegespalten dr\u00fcber, zumal Frau Doktor andererseits schon wieder ein MRT haben und mir eine Basistherapie andrehen will. Wenn ich dran denke, wie es mir noch bis letzten Januar mit der Basistherapie ergangen [&hellip;]<\/p>\n","protected":false},"author":1,"featured_media":0,"comment_status":"open","ping_status":"open","sticky":false,"template":"","format":"standard","meta":{"footnotes":""},"categories":[3],"tags":[],"class_list":["post-11512","post","type-post","status-publish","format-standard","hentry","category-alles-mogliche"],"_links":{"self":[{"href":"https:\/\/www.anthealein.de\/index.php?rest_route=\/wp\/v2\/posts\/11512","targetHints":{"allow":["GET"]}}],"collection":[{"href":"https:\/\/www.anthealein.de\/index.php?rest_route=\/wp\/v2\/posts"}],"about":[{"href":"https:\/\/www.anthealein.de\/index.php?rest_route=\/wp\/v2\/types\/post"}],"author":[{"embeddable":true,"href":"https:\/\/www.anthealein.de\/index.php?rest_route=\/wp\/v2\/users\/1"}],"replies":[{"embeddable":true,"href":"https:\/\/www.anthealein.de\/index.php?rest_route=%2Fwp%2Fv2%2Fcomments&post=11512"}],"version-history":[{"count":0,"href":"https:\/\/www.anthealein.de\/index.php?rest_route=\/wp\/v2\/posts\/11512\/revisions"}],"wp:attachment":[{"href":"https:\/\/www.anthealein.de\/index.php?rest_route=%2Fwp%2Fv2%2Fmedia&parent=11512"}],"wp:term":[{"taxonomy":"category","embeddable":true,"href":"https:\/\/www.anthealein.de\/index.php?rest_route=%2Fwp%2Fv2%2Fcategories&post=11512"},{"taxonomy":"post_tag","embeddable":true,"href":"https:\/\/www.anthealein.de\/index.php?rest_route=%2Fwp%2Fv2%2Ftags&post=11512"}],"curies":[{"name":"wp","href":"https:\/\/api.w.org\/{rel}","templated":true}]}}