{"id":11161,"date":"2013-11-11T19:39:46","date_gmt":"2013-11-11T18:39:46","guid":{"rendered":"http:\/\/www.anthealein.de\/?p=11161"},"modified":"2013-11-11T19:40:33","modified_gmt":"2013-11-11T18:40:33","slug":"die-groe","status":"publish","type":"post","link":"https:\/\/www.anthealein.de\/?p=11161","title":{"rendered":"Die Gro&szlig;e &hellip;"},"content":{"rendered":"<p>&#160;<\/p>\n<p align=\"justify\">\u2026 hat die n\u00e4chsten zwei Wochen Sport- und (schlimmer f\u00fcr sie) Tanzverbot. Und wenn das \u00f6fter vorkommen w\u00fcrde, m\u00fcsse man ja vielleicht doch mal schauen \u2026 Warf der Arzt beim Rausgehen in den Raum und weg war er. Hmpf. ER meint, das 5 Tage Verband reichen und Jana dann schon wieder fit ist. ICH wei\u00df es aus der Erfahrung der Sommerferien und den ersten Schulwochen eigentlich besser. Mal sehen, wer gewinnt *g*. <\/p>\n<p align=\"justify\">Ansonsten war es heute wieder viel Fahrerei. Jana musste um 14.20 Uhr bei der Krankengymnastik sein, Lena um 15 Uhr im Ballett, Jana um 15.30 Uhr beim Unfallchirurgen, Lena um 15.45 Uhr wieder abgeholt sein. Daf\u00fcr gibt es die n\u00e4chsten Tage (noch) keine Zeitnot. Jana hat erst n\u00e4chste Woche wieder Krankengymnastik, ich pausiere auch und Lena ist ebenfalls durch mit Ballett. Stehen also maximal Besuche auf dem Plan und f\u00fcr Jana am Samstag mal wieder eine Veranstaltung der EFB (Duftk\u00fcche). <\/p>\n<p align=\"justify\">Lena:   <br \/>&#8211; Bei Caf\u00e9 International erfindet sie tolle neue Nationen: \u201cKaffeekaner\u201d und \u201cDelcastratos\u201d (*h\u00fcstel*).    <br \/>&#8211; Playmobil ist momentan DAS Spielzeug (neben Mariposa) und da wird auch gnadenlos die gro\u00dfe Schwester angebettelt: \u201cIch mach auch alles was du wiiiiiiihiiiiilst. Ja, darf ich?\u201d (gro\u00dfe Bettelkulleraugen bitte denken *g*)    <br \/>&#8211; Heute zu mir: \u201cDu kannst Pause machen, Mama. Ich k\u00fcmmere mich schon um Jana.\u201d. <\/p>\n<p align=\"justify\">&#160;<\/p>\n<p align=\"center\"><a href=\"http:\/\/www.anthealein.de\/wp-content\/uploads\/2013\/11\/11112013.jpg\"><img loading=\"lazy\" decoding=\"async\" title=\"11112013\" style=\"border-top: 0px; border-right: 0px; background-image: none; border-bottom: 0px; padding-top: 0px; padding-left: 0px; border-left: 0px; display: inline; padding-right: 0px\" border=\"0\" alt=\"11112013\" src=\"http:\/\/www.anthealein.de\/wp-content\/uploads\/2013\/11\/11112013_thumb.jpg\" width=\"504\" height=\"504\" \/><\/a><\/p>\n<p align=\"center\">&#160;<\/p>\n<p align=\"center\"><a href=\"http:\/\/www.anthealein.de\/wp-content\/uploads\/2013\/11\/11112013II.jpg\"><img loading=\"lazy\" decoding=\"async\" title=\"11112013II\" style=\"border-top: 0px; border-right: 0px; background-image: none; border-bottom: 0px; padding-top: 0px; padding-left: 0px; border-left: 0px; display: inline; padding-right: 0px\" border=\"0\" alt=\"11112013II\" src=\"http:\/\/www.anthealein.de\/wp-content\/uploads\/2013\/11\/11112013II_thumb.jpg\" width=\"504\" height=\"504\" \/><\/a><\/p>\n","protected":false},"excerpt":{"rendered":"<p>&#160; \u2026 hat die n\u00e4chsten zwei Wochen Sport- und (schlimmer f\u00fcr sie) Tanzverbot. Und wenn das \u00f6fter vorkommen w\u00fcrde, m\u00fcsse man ja vielleicht doch mal schauen \u2026 Warf der Arzt beim Rausgehen in den Raum und weg war er. Hmpf. ER meint, das 5 Tage Verband reichen und Jana dann schon wieder fit ist. ICH [&hellip;]<\/p>\n","protected":false},"author":1,"featured_media":0,"comment_status":"open","ping_status":"open","sticky":false,"template":"","format":"standard","meta":{"footnotes":""},"categories":[3],"tags":[],"class_list":["post-11161","post","type-post","status-publish","format-standard","hentry","category-alles-mogliche"],"_links":{"self":[{"href":"https:\/\/www.anthealein.de\/index.php?rest_route=\/wp\/v2\/posts\/11161","targetHints":{"allow":["GET"]}}],"collection":[{"href":"https:\/\/www.anthealein.de\/index.php?rest_route=\/wp\/v2\/posts"}],"about":[{"href":"https:\/\/www.anthealein.de\/index.php?rest_route=\/wp\/v2\/types\/post"}],"author":[{"embeddable":true,"href":"https:\/\/www.anthealein.de\/index.php?rest_route=\/wp\/v2\/users\/1"}],"replies":[{"embeddable":true,"href":"https:\/\/www.anthealein.de\/index.php?rest_route=%2Fwp%2Fv2%2Fcomments&post=11161"}],"version-history":[{"count":2,"href":"https:\/\/www.anthealein.de\/index.php?rest_route=\/wp\/v2\/posts\/11161\/revisions"}],"predecessor-version":[{"id":11163,"href":"https:\/\/www.anthealein.de\/index.php?rest_route=\/wp\/v2\/posts\/11161\/revisions\/11163"}],"wp:attachment":[{"href":"https:\/\/www.anthealein.de\/index.php?rest_route=%2Fwp%2Fv2%2Fmedia&parent=11161"}],"wp:term":[{"taxonomy":"category","embeddable":true,"href":"https:\/\/www.anthealein.de\/index.php?rest_route=%2Fwp%2Fv2%2Fcategories&post=11161"},{"taxonomy":"post_tag","embeddable":true,"href":"https:\/\/www.anthealein.de\/index.php?rest_route=%2Fwp%2Fv2%2Ftags&post=11161"}],"curies":[{"name":"wp","href":"https:\/\/api.w.org\/{rel}","templated":true}]}}