{"id":11149,"date":"2013-11-09T20:53:02","date_gmt":"2013-11-09T19:53:02","guid":{"rendered":"http:\/\/www.anthealein.de\/?p=11149"},"modified":"2013-11-09T20:53:02","modified_gmt":"2013-11-09T19:53:02","slug":"etwas-ber-zwei-stunden","status":"publish","type":"post","link":"https:\/\/www.anthealein.de\/?p=11149","title":{"rendered":"Etwas &uuml;ber zwei Stunden &hellip;"},"content":{"rendered":"<p>&#160;<\/p>\n<p>\u2026 durften wir heute in der Notaufnahme verbringen.<\/p>\n<p align=\"justify\">Heute morgen half Chris beim Umzug unserer Nachbarn (und Freunde), w\u00e4hrend ich Jana zu ihrer Wellnessveranstaltung der Evangelischen Familienbildungsst\u00e4tte brachte, Einkaufen ging, Lena bei ihrer Veranstaltung im K\u00fcstenmuseum (Siebethsburg war heute Thema) absetzte und zur Arbeit fuhr. <\/p>\n<p align=\"justify\">Mittags holte Chris die Kinder und eine knappe Viertelstunde vor 16 Uhr st\u00fcrmte er in die B\u00fccherei, um Janas Krankenkassenkarte von mir zu holen. Nach dem ganzen \u00c4rger mit ihrem linken Fu\u00df, mit dem sie kurz vor den Sommerferien ganz b\u00f6se umgeknickt war, hat es nun den rechten Fu\u00df erwischt. <\/p>\n<p align=\"justify\">Lie\u00df mir nat\u00fcrlich keine Ruhe und so machte ich eine Stunde eher Feierabend, fuhr Lena beim Umzug abholen (Janas Freundinnen \u00fcbten sich im Babysitten) und mit ihr zusammen ging es zum Krankenhaus, Chris abl\u00f6sen. Der durfte wieder zur\u00fcck zum Umzug, w\u00e4hrend ich mich mit Jana und Lena langweilen durfte. Fazit: wie auch beim anderen Fu\u00df schon. Verband, Hochlagern, K\u00fchlen, Montag zu \u201cunserem\u201d Unfallchirurgen oder Kinderarzt (der uns zum Unfallchirurgen schickt, also k\u00f6nnen wir gleich dahin) und Sport gestrichen min. n\u00e4chste Woche. Die R\u00f6ntgenbilder wird sich Montag der Radiologe noch anschauen, aber es sieht alles gut und nicht gebrochen aus. Hach ja.<\/p>\n<p align=\"justify\">&#160;<\/p>\n<p align=\"center\"><a href=\"http:\/\/www.anthealein.de\/wp-content\/uploads\/2013\/11\/09112013.jpg\"><img loading=\"lazy\" decoding=\"async\" title=\"09112013\" style=\"border-top: 0px; border-right: 0px; background-image: none; border-bottom: 0px; padding-top: 0px; padding-left: 0px; border-left: 0px; display: inline; padding-right: 0px\" border=\"0\" alt=\"09112013\" src=\"http:\/\/www.anthealein.de\/wp-content\/uploads\/2013\/11\/09112013_thumb.jpg\" width=\"504\" height=\"504\" \/><\/a>    <br \/>Lena hat der guten Frau im K\u00fcstenmuseum ein Ohr abgesabbelt. Mit dem Kommentar, ICH h\u00e4tte ihr gesagt, sie solle die ganze Zeit reden *umfall*. <\/p>\n","protected":false},"excerpt":{"rendered":"<p>&#160; \u2026 durften wir heute in der Notaufnahme verbringen. Heute morgen half Chris beim Umzug unserer Nachbarn (und Freunde), w\u00e4hrend ich Jana zu ihrer Wellnessveranstaltung der Evangelischen Familienbildungsst\u00e4tte brachte, Einkaufen ging, Lena bei ihrer Veranstaltung im K\u00fcstenmuseum (Siebethsburg war heute Thema) absetzte und zur Arbeit fuhr. Mittags holte Chris die Kinder und eine knappe Viertelstunde [&hellip;]<\/p>\n","protected":false},"author":1,"featured_media":0,"comment_status":"open","ping_status":"open","sticky":false,"template":"","format":"standard","meta":{"footnotes":""},"categories":[3],"tags":[],"class_list":["post-11149","post","type-post","status-publish","format-standard","hentry","category-alles-mogliche"],"_links":{"self":[{"href":"https:\/\/www.anthealein.de\/index.php?rest_route=\/wp\/v2\/posts\/11149","targetHints":{"allow":["GET"]}}],"collection":[{"href":"https:\/\/www.anthealein.de\/index.php?rest_route=\/wp\/v2\/posts"}],"about":[{"href":"https:\/\/www.anthealein.de\/index.php?rest_route=\/wp\/v2\/types\/post"}],"author":[{"embeddable":true,"href":"https:\/\/www.anthealein.de\/index.php?rest_route=\/wp\/v2\/users\/1"}],"replies":[{"embeddable":true,"href":"https:\/\/www.anthealein.de\/index.php?rest_route=%2Fwp%2Fv2%2Fcomments&post=11149"}],"version-history":[{"count":0,"href":"https:\/\/www.anthealein.de\/index.php?rest_route=\/wp\/v2\/posts\/11149\/revisions"}],"wp:attachment":[{"href":"https:\/\/www.anthealein.de\/index.php?rest_route=%2Fwp%2Fv2%2Fmedia&parent=11149"}],"wp:term":[{"taxonomy":"category","embeddable":true,"href":"https:\/\/www.anthealein.de\/index.php?rest_route=%2Fwp%2Fv2%2Fcategories&post=11149"},{"taxonomy":"post_tag","embeddable":true,"href":"https:\/\/www.anthealein.de\/index.php?rest_route=%2Fwp%2Fv2%2Ftags&post=11149"}],"curies":[{"name":"wp","href":"https:\/\/api.w.org\/{rel}","templated":true}]}}