{"id":10811,"date":"2013-10-01T20:45:05","date_gmt":"2013-10-01T19:45:05","guid":{"rendered":"http:\/\/www.anthealein.de\/?p=10811"},"modified":"2013-10-01T20:45:05","modified_gmt":"2013-10-01T19:45:05","slug":"aufgeregt-2","status":"publish","type":"post","link":"https:\/\/www.anthealein.de\/?p=10811","title":{"rendered":"Aufgeregt &hellip;"},"content":{"rendered":"<p align=\"justify\">\u2026 sind die Kinder und besonders Jana. <\/p>\n<p align=\"justify\">Den Gro\u00dfteil hab ich heute schon gepackt, morgen fr\u00fch miste ich die Tiere noch mal aus und packe den Rest ein und kurz vor 11 Uhr machen wir uns auf den Weg. Die Tiere werden gut versorgt, die Pakete mit Janas Ballettsachen \u00fcbernimmt die Nachbarin, die Blumen w\u00fcrden von mir eh auch nicht versorgt werden. Und Sonntag d\u00fcrfen wir bei Oma und Opa essen und backen (ich brauche f\u00fcr Lenas Geburtstag am Montag noch Muffins). <\/p>\n<p align=\"justify\">Morgen kommen wir einfach erst mal an, packen aus, erkunden den Platz und den \u201cStreichelzoo\u201d auf dem Platz. Donnerstag wollen wir die Gegend erkunden und ich will unbedingt in die <a href=\"http:\/\/www.visitdenmark.de\/de\/denmark\/jelling-bibliothek-gdk608043\" target=\"_blank\">B\u00fccherei<\/a> , die \u201cunbemannte\u201d und \u201cbemannte\u201d \u00d6ffnungszeiten hat und zu den Runensteinen in Jelling (Weltkulturerbe). Am Freitag schauen wir mal, evtl. zieht es uns dann ins \u201c<a href=\"http:\/\/www.lalandia.dk\/de\/Pages\/forside.aspx\" target=\"_blank\">Lalandia<\/a>\u201d. Und am Samstag fahren wir mit Umwegen wieder zur\u00fcck <img decoding=\"async\" class=\"wlEmoticon wlEmoticon-smile\" style=\"border-top-style: none; border-left-style: none; border-bottom-style: none; border-right-style: none\" alt=\"Smiley\" src=\"http:\/\/www.anthealein.de\/wp-content\/uploads\/2013\/10\/wlEmoticon-smile.png\" \/> . Ein kurzer Kurzurlaub <img decoding=\"async\" class=\"wlEmoticon wlEmoticon-openmouthedsmile\" style=\"border-top-style: none; border-left-style: none; border-bottom-style: none; border-right-style: none\" alt=\"Smiley mit ge\u00f6ffnetem Mund\" src=\"http:\/\/www.anthealein.de\/wp-content\/uploads\/2013\/10\/wlEmoticon-openmouthedsmile.png\" \/> . Medikamente sind eingepackt, alles andere Wichtige auch, eine 16 Gb SD-Karte will mit Bildern voll geladen werden und die Kinder freuen sich wie gesagt total. <\/p>\n<p align=\"justify\">Kinder und co:   <br \/>&#8211; heute hab ich meine alte Ballettlehrerin nach \u00fcber 20 Jahren mal wieder gesehen. Und was soll ich sagen: kaum kam sie um die Ecke gingen meine F\u00fc\u00dfe in die 1. Position. Bauch rein, Po zusammen, Brust raus, Schultern runter. Nach Janas Stunde traute sie sich auch zu fragen ob ich fr\u00fcher Sch\u00fclerin war, erkannt hatte sie mich *g*.&#160;&#160; <br \/>&#8211; w\u00e4hrend Jana in der Badewanne vor sich hin d\u00fcmpelte und sich lautstark \u00fcber Langeweile beschwerte, rannte Lena mit einem \u201cElexikon\u201d-Spiel (wir haben mehrere) ins G\u00e4steklo, um die Leuchte richtig sehen zu k\u00f6nnen im Dunklen. Als ihr auffiel, das sie das Spiel nicht mehr richtig erkennen konnte, machte sie das f\u00fcr sie Naheliegende: eine Taschenlampe holen. Ah ja.    <br \/>&#8211; Janas Langeweile gab sich schnell, als sie auf die Idee kam, in der Badewanne das hier zu \u00fcben:<\/p>\n<p align=\"justify\">&#160;<\/p>\n<div id=\"scid:5737277B-5D6D-4f48-ABFC-DD9C333F4C5D:d8f0766f-cef1-41ed-b130-e737741d0423\" class=\"wlWriterEditableSmartContent\" style=\"float: none; padding-bottom: 0px; padding-top: 0px; padding-left: 0px; margin: 0px auto; display: block; padding-right: 0px; width: 448px\">\n<div><object width=\"448\" height=\"252\"><param name=\"movie\" value=\"http:\/\/www.youtube.com\/v\/Hz63M3v11nE?hl=en&amp;hd=1\"><\/param><embed src=\"http:\/\/www.youtube.com\/v\/Hz63M3v11nE?hl=en&amp;hd=1\" type=\"application\/x-shockwave-flash\" width=\"448\" height=\"252\"><\/embed><\/object><\/div>\n<\/div>\n<p>&#8211; Jana: \u201cIch bin so aufgeregt! Ich hoffe, es gibt da Schr\u00e4nke!\u201d. H\u00f6? Irgendwas mit der Klassenfahrt wurde mir als Erkl\u00e4rung aufgetischt *g*.   <br \/>&#8211; Lena beim abendlichen Vorlesen und meiner Frage nach dem gr\u00f6\u00dften B\u00e4ren der Erde: \u201cBlaub\u00e4r\u201d!<\/p>\n<p>&#160;<\/p>\n<p>Ob es die n\u00e4chsten Tage Blogposts geben wird, h\u00e4ngt vom evtl. verf\u00fcgbarem W-Lan ab. Eine Bilderflut werde ich allerdings sp\u00e4testens Samstag posten, wenn wir wieder zu Hause sind und ausgepackt haben <img decoding=\"async\" class=\"wlEmoticon wlEmoticon-openmouthedsmile\" style=\"border-top-style: none; border-left-style: none; border-bottom-style: none; border-right-style: none\" alt=\"Smiley mit ge\u00f6ffnetem Mund\" src=\"http:\/\/www.anthealein.de\/wp-content\/uploads\/2013\/10\/wlEmoticon-openmouthedsmile.png\" \/> . <\/p>\n<p>&#160;<\/p>\n<p align=\"center\"><a href=\"http:\/\/www.anthealein.de\/wp-content\/uploads\/2013\/10\/01102013.jpg\"><img loading=\"lazy\" decoding=\"async\" title=\"01102013\" style=\"border-top: 0px; border-right: 0px; background-image: none; border-bottom: 0px; padding-top: 0px; padding-left: 0px; border-left: 0px; display: inline; padding-right: 0px\" border=\"0\" alt=\"01102013\" src=\"http:\/\/www.anthealein.de\/wp-content\/uploads\/2013\/10\/01102013_thumb.jpg\" width=\"504\" height=\"504\" \/><\/a><\/p>\n","protected":false},"excerpt":{"rendered":"<p>\u2026 sind die Kinder und besonders Jana. Den Gro\u00dfteil hab ich heute schon gepackt, morgen fr\u00fch miste ich die Tiere noch mal aus und packe den Rest ein und kurz vor 11 Uhr machen wir uns auf den Weg. Die Tiere werden gut versorgt, die Pakete mit Janas Ballettsachen \u00fcbernimmt die Nachbarin, die Blumen w\u00fcrden [&hellip;]<\/p>\n","protected":false},"author":1,"featured_media":0,"comment_status":"open","ping_status":"open","sticky":false,"template":"","format":"standard","meta":{"footnotes":""},"categories":[3],"tags":[],"class_list":["post-10811","post","type-post","status-publish","format-standard","hentry","category-alles-mogliche"],"_links":{"self":[{"href":"https:\/\/www.anthealein.de\/index.php?rest_route=\/wp\/v2\/posts\/10811","targetHints":{"allow":["GET"]}}],"collection":[{"href":"https:\/\/www.anthealein.de\/index.php?rest_route=\/wp\/v2\/posts"}],"about":[{"href":"https:\/\/www.anthealein.de\/index.php?rest_route=\/wp\/v2\/types\/post"}],"author":[{"embeddable":true,"href":"https:\/\/www.anthealein.de\/index.php?rest_route=\/wp\/v2\/users\/1"}],"replies":[{"embeddable":true,"href":"https:\/\/www.anthealein.de\/index.php?rest_route=%2Fwp%2Fv2%2Fcomments&post=10811"}],"version-history":[{"count":0,"href":"https:\/\/www.anthealein.de\/index.php?rest_route=\/wp\/v2\/posts\/10811\/revisions"}],"wp:attachment":[{"href":"https:\/\/www.anthealein.de\/index.php?rest_route=%2Fwp%2Fv2%2Fmedia&parent=10811"}],"wp:term":[{"taxonomy":"category","embeddable":true,"href":"https:\/\/www.anthealein.de\/index.php?rest_route=%2Fwp%2Fv2%2Fcategories&post=10811"},{"taxonomy":"post_tag","embeddable":true,"href":"https:\/\/www.anthealein.de\/index.php?rest_route=%2Fwp%2Fv2%2Ftags&post=10811"}],"curies":[{"name":"wp","href":"https:\/\/api.w.org\/{rel}","templated":true}]}}