{"id":10693,"date":"2013-09-13T20:47:04","date_gmt":"2013-09-13T19:47:04","guid":{"rendered":"http:\/\/www.anthealein.de\/?p=10693"},"modified":"2013-09-13T20:56:48","modified_gmt":"2013-09-13T19:56:48","slug":"geschafft-8","status":"publish","type":"post","link":"https:\/\/www.anthealein.de\/?p=10693","title":{"rendered":"Geschafft &hellip;"},"content":{"rendered":"<p>\u2026 ist der zweite Teil des Aufr\u00e4ummarathons. Ich hab das sch\u00f6ne Wetter zwar nur kurz auf dem Balkon genie\u00dfen k\u00f6nnen, aber daf\u00fcr ist in Lenas Zimmer wieder Platz f\u00fcr neues Spielzeug und durchgeputzt hab ich auch. Nachdem ich bis 10 Uhr geschlafen habe aber erst *g*.<\/p>\n<p>&#160;<\/p>\n<p align=\"center\"><a href=\"http:\/\/www.anthealein.de\/wp-content\/uploads\/2013\/09\/13092013.jpg\"><img loading=\"lazy\" decoding=\"async\" title=\"13092013\" style=\"border-top: 0px; border-right: 0px; background-image: none; border-bottom: 0px; padding-top: 0px; padding-left: 0px; border-left: 0px; display: inline; padding-right: 0px\" border=\"0\" alt=\"13092013\" src=\"http:\/\/www.anthealein.de\/wp-content\/uploads\/2013\/09\/13092013_thumb.jpg\" width=\"504\" height=\"337\" \/><\/a>    <br \/>Diesmal hab ich auch \u201cVorher\u201d-Fotos geschafft <img decoding=\"async\" class=\"wlEmoticon wlEmoticon-smile\" style=\"border-top-style: none; border-left-style: none; border-bottom-style: none; border-right-style: none\" alt=\"Smiley\" src=\"http:\/\/www.anthealein.de\/wp-content\/uploads\/2013\/09\/wlEmoticon-smile5.png\" \/> .<\/p>\n<p align=\"center\">&#160;<\/p>\n<p align=\"center\"><a href=\"http:\/\/www.anthealein.de\/wp-content\/uploads\/2013\/09\/13092013II.jpg\"><img loading=\"lazy\" decoding=\"async\" title=\"13092013II\" style=\"border-top: 0px; border-right: 0px; background-image: none; border-bottom: 0px; padding-top: 0px; padding-left: 0px; border-left: 0px; display: inline; padding-right: 0px\" border=\"0\" alt=\"13092013II\" src=\"http:\/\/www.anthealein.de\/wp-content\/uploads\/2013\/09\/13092013II_thumb.jpg\" width=\"504\" height=\"337\" \/><\/a><\/p>\n<p align=\"center\">&#160;<\/p>\n<p align=\"center\"><a href=\"http:\/\/www.anthealein.de\/wp-content\/uploads\/2013\/09\/13092013III.jpg\"><img loading=\"lazy\" decoding=\"async\" title=\"13092013III\" style=\"border-top: 0px; border-right: 0px; background-image: none; border-bottom: 0px; padding-top: 0px; padding-left: 0px; border-left: 0px; display: inline; padding-right: 0px\" border=\"0\" alt=\"13092013III\" src=\"http:\/\/www.anthealein.de\/wp-content\/uploads\/2013\/09\/13092013III_thumb.jpg\" width=\"504\" height=\"337\" \/><\/a><\/p>\n<p align=\"center\">&#160;<\/p>\n<p align=\"center\"><a href=\"http:\/\/www.anthealein.de\/wp-content\/uploads\/2013\/09\/13092013IV.jpg\"><img loading=\"lazy\" decoding=\"async\" title=\"13092013IV\" style=\"border-top: 0px; border-right: 0px; background-image: none; border-bottom: 0px; padding-top: 0px; padding-left: 0px; border-left: 0px; display: inline; padding-right: 0px\" border=\"0\" alt=\"13092013IV\" src=\"http:\/\/www.anthealein.de\/wp-content\/uploads\/2013\/09\/13092013IV_thumb.jpg\" width=\"504\" height=\"337\" \/><\/a><\/p>\n<p align=\"center\">&#160;<\/p>\n<p align=\"center\"><a href=\"http:\/\/www.anthealein.de\/wp-content\/uploads\/2013\/09\/13092013V.jpg\"><img loading=\"lazy\" decoding=\"async\" title=\"13092013V\" style=\"border-top: 0px; border-right: 0px; background-image: none; border-bottom: 0px; padding-top: 0px; padding-left: 0px; border-left: 0px; display: inline; padding-right: 0px\" border=\"0\" alt=\"13092013V\" src=\"http:\/\/www.anthealein.de\/wp-content\/uploads\/2013\/09\/13092013V_thumb.jpg\" width=\"504\" height=\"337\" \/><\/a><\/p>\n<p align=\"center\">&#160;<\/p>\n<p align=\"center\"><a href=\"http:\/\/www.anthealein.de\/wp-content\/uploads\/2013\/09\/13092013VI.jpg\"><img loading=\"lazy\" decoding=\"async\" title=\"13092013VI\" style=\"border-top: 0px; border-right: 0px; background-image: none; border-bottom: 0px; padding-top: 0px; padding-left: 0px; border-left: 0px; display: inline; padding-right: 0px\" border=\"0\" alt=\"13092013VI\" src=\"http:\/\/www.anthealein.de\/wp-content\/uploads\/2013\/09\/13092013VI_thumb.jpg\" width=\"504\" height=\"504\" \/><\/a><\/p>\n","protected":false},"excerpt":{"rendered":"<p>\u2026 ist der zweite Teil des Aufr\u00e4ummarathons. Ich hab das sch\u00f6ne Wetter zwar nur kurz auf dem Balkon genie\u00dfen k\u00f6nnen, aber daf\u00fcr ist in Lenas Zimmer wieder Platz f\u00fcr neues Spielzeug und durchgeputzt hab ich auch. Nachdem ich bis 10 Uhr geschlafen habe aber erst *g*. &#160; Diesmal hab ich auch \u201cVorher\u201d-Fotos geschafft . &#160; [&hellip;]<\/p>\n","protected":false},"author":1,"featured_media":0,"comment_status":"open","ping_status":"open","sticky":false,"template":"","format":"standard","meta":{"footnotes":""},"categories":[3],"tags":[],"class_list":["post-10693","post","type-post","status-publish","format-standard","hentry","category-alles-mogliche"],"_links":{"self":[{"href":"https:\/\/www.anthealein.de\/index.php?rest_route=\/wp\/v2\/posts\/10693","targetHints":{"allow":["GET"]}}],"collection":[{"href":"https:\/\/www.anthealein.de\/index.php?rest_route=\/wp\/v2\/posts"}],"about":[{"href":"https:\/\/www.anthealein.de\/index.php?rest_route=\/wp\/v2\/types\/post"}],"author":[{"embeddable":true,"href":"https:\/\/www.anthealein.de\/index.php?rest_route=\/wp\/v2\/users\/1"}],"replies":[{"embeddable":true,"href":"https:\/\/www.anthealein.de\/index.php?rest_route=%2Fwp%2Fv2%2Fcomments&post=10693"}],"version-history":[{"count":1,"href":"https:\/\/www.anthealein.de\/index.php?rest_route=\/wp\/v2\/posts\/10693\/revisions"}],"predecessor-version":[{"id":10694,"href":"https:\/\/www.anthealein.de\/index.php?rest_route=\/wp\/v2\/posts\/10693\/revisions\/10694"}],"wp:attachment":[{"href":"https:\/\/www.anthealein.de\/index.php?rest_route=%2Fwp%2Fv2%2Fmedia&parent=10693"}],"wp:term":[{"taxonomy":"category","embeddable":true,"href":"https:\/\/www.anthealein.de\/index.php?rest_route=%2Fwp%2Fv2%2Fcategories&post=10693"},{"taxonomy":"post_tag","embeddable":true,"href":"https:\/\/www.anthealein.de\/index.php?rest_route=%2Fwp%2Fv2%2Ftags&post=10693"}],"curies":[{"name":"wp","href":"https:\/\/api.w.org\/{rel}","templated":true}]}}