{"id":10670,"date":"2013-09-12T20:33:08","date_gmt":"2013-09-12T19:33:08","guid":{"rendered":"http:\/\/www.anthealein.de\/?p=10670"},"modified":"2013-09-12T21:45:14","modified_gmt":"2013-09-12T20:45:14","slug":"schwelg","status":"publish","type":"post","link":"https:\/\/www.anthealein.de\/?p=10670","title":{"rendered":"*schwelg*"},"content":{"rendered":"<p>&#160;<\/p>\n<p align=\"center\"><a href=\"http:\/\/www.anthealein.de\/wp-content\/uploads\/2013\/09\/12092013III.jpg\"><img loading=\"lazy\" decoding=\"async\" title=\"12092013III\" style=\"border-left-width: 0px; border-right-width: 0px; background-image: none; border-bottom-width: 0px; padding-top: 0px; padding-left: 0px; display: inline; padding-right: 0px; border-top-width: 0px\" border=\"0\" alt=\"12092013III\" src=\"http:\/\/www.anthealein.de\/wp-content\/uploads\/2013\/09\/12092013III_thumb.jpg\" width=\"404\" height=\"504\" \/><\/a>     <br \/>Was hab ich DAS Kleid geliebt \u2026<\/p>\n<p align=\"center\">&#160;<\/p>\n<p align=\"center\"><a href=\"http:\/\/www.anthealein.de\/wp-content\/uploads\/2013\/09\/12092013IV.jpg\"><img loading=\"lazy\" decoding=\"async\" title=\"12092013IV\" style=\"border-left-width: 0px; border-right-width: 0px; background-image: none; border-bottom-width: 0px; padding-top: 0px; padding-left: 0px; display: inline; padding-right: 0px; border-top-width: 0px\" border=\"0\" alt=\"12092013IV\" src=\"http:\/\/www.anthealein.de\/wp-content\/uploads\/2013\/09\/12092013IV_thumb.jpg\" width=\"504\" height=\"504\" \/><\/a>     <br \/>Omi nat\u00fcrlich auch <img decoding=\"async\" class=\"wlEmoticon wlEmoticon-smile\" style=\"border-top-style: none; border-left-style: none; border-bottom-style: none; border-right-style: none\" alt=\"Smiley\" src=\"http:\/\/www.anthealein.de\/wp-content\/uploads\/2013\/09\/wlEmoticon-smile4.png\" \/><\/p>\n<p align=\"center\">&#160;<\/p>\n<p align=\"center\"><a href=\"http:\/\/www.anthealein.de\/wp-content\/uploads\/2013\/09\/12092013V.jpg\"><img loading=\"lazy\" decoding=\"async\" title=\"12092013V\" style=\"border-top: 0px; border-right: 0px; background-image: none; border-bottom: 0px; padding-top: 0px; padding-left: 0px; border-left: 0px; display: inline; padding-right: 0px\" border=\"0\" alt=\"12092013V\" src=\"http:\/\/www.anthealein.de\/wp-content\/uploads\/2013\/09\/12092013V_thumb.jpg\" width=\"504\" height=\"337\" \/><\/a>    <br \/>Und beide Omas vereint mit mir (jaha, ich seh aus wie Puck die Stubenfliege mit der Brille) \u2026<\/p>\n<p align=\"center\">&#160;<\/p>\n<p align=\"center\"><a href=\"http:\/\/www.anthealein.de\/wp-content\/uploads\/2013\/09\/12092013VI.jpg\"><img loading=\"lazy\" decoding=\"async\" title=\"12092013VI\" style=\"border-top: 0px; border-right: 0px; background-image: none; border-bottom: 0px; padding-top: 0px; padding-left: 0px; border-left: 0px; display: inline; padding-right: 0px\" border=\"0\" alt=\"12092013VI\" src=\"http:\/\/www.anthealein.de\/wp-content\/uploads\/2013\/09\/12092013VI_thumb.jpg\" width=\"304\" height=\"504\" \/><\/a>    <br \/>Der Grund, weshalb ich nicht so begeistert davon war, das Lena und Jana Ballett machen wollen. Kurz nach dem Bild wurde mir nahegelegt, eine Apfel-Di\u00e4t zu machen. Ich war eindeutig zu dick f\u00fcrs Ballett *schauder*. Spa\u00df gemacht hat es trotzdem, bis das Gezicke zu schlimm wurde *g*.<\/p>\n<p align=\"center\">&#160;<\/p>\n<p align=\"center\"><a href=\"http:\/\/www.anthealein.de\/wp-content\/uploads\/2013\/09\/12092013VII.jpg\"><img loading=\"lazy\" decoding=\"async\" title=\"12092013VII\" style=\"border-top: 0px; border-right: 0px; background-image: none; border-bottom: 0px; padding-top: 0px; padding-left: 0px; border-left: 0px; display: inline; padding-right: 0px\" border=\"0\" alt=\"12092013VII\" src=\"http:\/\/www.anthealein.de\/wp-content\/uploads\/2013\/09\/12092013VII_thumb.jpg\" width=\"504\" height=\"504\" \/><\/a>    <br \/>Mein Lieblingsleseplatz: auf der alten N\u00e4hmaschine \u2026<\/p>\n<p align=\"center\">&#160;<\/p>\n<p align=\"justify\">Und dann sind da noch die Bilder, die ich hier nicht einfach so zeigen kann weil Fremde drauf sind. Die Feier im Columbus, bei der auf einem Bild Lenas Tagespapa ist. Unser Trio bei der Einschulung: Manuela (oder war es Michaela?), Thomas und ich. Thomas\u2019 Tochter ist mittlerweile mit Jana befreundet. <\/p>\n","protected":false},"excerpt":{"rendered":"<p>&#160; Was hab ich DAS Kleid geliebt \u2026 &#160; Omi nat\u00fcrlich auch &#160; Und beide Omas vereint mit mir (jaha, ich seh aus wie Puck die Stubenfliege mit der Brille) \u2026 &#160; Der Grund, weshalb ich nicht so begeistert davon war, das Lena und Jana Ballett machen wollen. Kurz nach dem Bild wurde mir nahegelegt, [&hellip;]<\/p>\n","protected":false},"author":1,"featured_media":0,"comment_status":"open","ping_status":"open","sticky":false,"template":"","format":"standard","meta":{"footnotes":""},"categories":[3],"tags":[],"class_list":["post-10670","post","type-post","status-publish","format-standard","hentry","category-alles-mogliche"],"_links":{"self":[{"href":"https:\/\/www.anthealein.de\/index.php?rest_route=\/wp\/v2\/posts\/10670","targetHints":{"allow":["GET"]}}],"collection":[{"href":"https:\/\/www.anthealein.de\/index.php?rest_route=\/wp\/v2\/posts"}],"about":[{"href":"https:\/\/www.anthealein.de\/index.php?rest_route=\/wp\/v2\/types\/post"}],"author":[{"embeddable":true,"href":"https:\/\/www.anthealein.de\/index.php?rest_route=\/wp\/v2\/users\/1"}],"replies":[{"embeddable":true,"href":"https:\/\/www.anthealein.de\/index.php?rest_route=%2Fwp%2Fv2%2Fcomments&post=10670"}],"version-history":[{"count":3,"href":"https:\/\/www.anthealein.de\/index.php?rest_route=\/wp\/v2\/posts\/10670\/revisions"}],"predecessor-version":[{"id":10679,"href":"https:\/\/www.anthealein.de\/index.php?rest_route=\/wp\/v2\/posts\/10670\/revisions\/10679"}],"wp:attachment":[{"href":"https:\/\/www.anthealein.de\/index.php?rest_route=%2Fwp%2Fv2%2Fmedia&parent=10670"}],"wp:term":[{"taxonomy":"category","embeddable":true,"href":"https:\/\/www.anthealein.de\/index.php?rest_route=%2Fwp%2Fv2%2Fcategories&post=10670"},{"taxonomy":"post_tag","embeddable":true,"href":"https:\/\/www.anthealein.de\/index.php?rest_route=%2Fwp%2Fv2%2Ftags&post=10670"}],"curies":[{"name":"wp","href":"https:\/\/api.w.org\/{rel}","templated":true}]}}