{"id":10662,"date":"2013-09-12T20:05:18","date_gmt":"2013-09-12T19:05:18","guid":{"rendered":"http:\/\/www.anthealein.de\/?p=10662"},"modified":"2013-09-12T20:08:43","modified_gmt":"2013-09-12T19:08:43","slug":"heute-8","status":"publish","type":"post","link":"https:\/\/www.anthealein.de\/?p=10662","title":{"rendered":"Heute &hellip;"},"content":{"rendered":"<p align=\"justify\">\u2026 habe ich wenigstens schon mal einen Teil geschafft von dem, was ich mir eigentlich f\u00fcr den Urlaub vorgenommen hatte. 3 blaue S\u00e4cke voll hab ich entsorgt *schwitz*. Morgen ist Lenas Zimmer dann hoffentlich dran. <\/p>\n<p align=\"justify\">Au\u00dferdem waren wir heute noch bei meiner ehemaligen Arbeitskollegin und weil sich Chris von ihr einen Negativ-\/Diascanner ausgeliehen hat, hab ich dann vorhin noch eine knappe Stunde im Keller verbracht.<\/p>\n<p align=\"justify\">&#160;<\/p>\n<p align=\"center\"><a href=\"http:\/\/www.anthealein.de\/wp-content\/uploads\/2013\/09\/12092013.jpg\"><img loading=\"lazy\" decoding=\"async\" title=\"12092013\" style=\"border-top: 0px; border-right: 0px; background-image: none; border-bottom: 0px; padding-top: 0px; padding-left: 0px; border-left: 0px; display: inline; padding-right: 0px\" border=\"0\" alt=\"12092013\" src=\"http:\/\/www.anthealein.de\/wp-content\/uploads\/2013\/09\/12092013_thumb.jpg\" width=\"504\" height=\"754\" \/><\/a>    <br \/>Kaum vorstellbar, aber die letzten Wochen w\u00e4re man nicht mal mehr zum Fenster durch gekommen. T\u00fcr auf, Zeugs rein, T\u00fcr zu hie\u00df die Devise. Und ja, eindeutig immer noch viel zu viel Spielzeug und noch mehr B\u00fccher.<\/p>\n<p align=\"center\">&#160;<\/p>\n<p align=\"center\"><a href=\"http:\/\/www.anthealein.de\/wp-content\/uploads\/2013\/09\/12092013II.jpg\"><img loading=\"lazy\" decoding=\"async\" title=\"12092013II\" style=\"border-top: 0px; border-right: 0px; background-image: none; border-bottom: 0px; padding-top: 0px; padding-left: 0px; border-left: 0px; display: inline; padding-right: 0px\" border=\"0\" alt=\"12092013II\" src=\"http:\/\/www.anthealein.de\/wp-content\/uploads\/2013\/09\/12092013II_thumb.jpg\" width=\"504\" height=\"404\" \/><\/a>    <br \/>Knapp 32 Jahre altes Bild. Den Kontakt zu meiner besten Freundin Iris hab ich leider verloren, als sie vor mittlerweile auch schon ca. 24 Jahren weggezogen sind. <\/p>\n","protected":false},"excerpt":{"rendered":"<p>\u2026 habe ich wenigstens schon mal einen Teil geschafft von dem, was ich mir eigentlich f\u00fcr den Urlaub vorgenommen hatte. 3 blaue S\u00e4cke voll hab ich entsorgt *schwitz*. Morgen ist Lenas Zimmer dann hoffentlich dran. Au\u00dferdem waren wir heute noch bei meiner ehemaligen Arbeitskollegin und weil sich Chris von ihr einen Negativ-\/Diascanner ausgeliehen hat, hab [&hellip;]<\/p>\n","protected":false},"author":1,"featured_media":0,"comment_status":"open","ping_status":"open","sticky":false,"template":"","format":"standard","meta":{"footnotes":""},"categories":[3],"tags":[],"class_list":["post-10662","post","type-post","status-publish","format-standard","hentry","category-alles-mogliche"],"_links":{"self":[{"href":"https:\/\/www.anthealein.de\/index.php?rest_route=\/wp\/v2\/posts\/10662","targetHints":{"allow":["GET"]}}],"collection":[{"href":"https:\/\/www.anthealein.de\/index.php?rest_route=\/wp\/v2\/posts"}],"about":[{"href":"https:\/\/www.anthealein.de\/index.php?rest_route=\/wp\/v2\/types\/post"}],"author":[{"embeddable":true,"href":"https:\/\/www.anthealein.de\/index.php?rest_route=\/wp\/v2\/users\/1"}],"replies":[{"embeddable":true,"href":"https:\/\/www.anthealein.de\/index.php?rest_route=%2Fwp%2Fv2%2Fcomments&post=10662"}],"version-history":[{"count":2,"href":"https:\/\/www.anthealein.de\/index.php?rest_route=\/wp\/v2\/posts\/10662\/revisions"}],"predecessor-version":[{"id":10664,"href":"https:\/\/www.anthealein.de\/index.php?rest_route=\/wp\/v2\/posts\/10662\/revisions\/10664"}],"wp:attachment":[{"href":"https:\/\/www.anthealein.de\/index.php?rest_route=%2Fwp%2Fv2%2Fmedia&parent=10662"}],"wp:term":[{"taxonomy":"category","embeddable":true,"href":"https:\/\/www.anthealein.de\/index.php?rest_route=%2Fwp%2Fv2%2Fcategories&post=10662"},{"taxonomy":"post_tag","embeddable":true,"href":"https:\/\/www.anthealein.de\/index.php?rest_route=%2Fwp%2Fv2%2Ftags&post=10662"}],"curies":[{"name":"wp","href":"https:\/\/api.w.org\/{rel}","templated":true}]}}