{"id":10641,"date":"2013-09-08T18:58:23","date_gmt":"2013-09-08T17:58:23","guid":{"rendered":"http:\/\/www.anthealein.de\/?p=10641"},"modified":"2013-09-08T18:58:24","modified_gmt":"2013-09-08T17:58:24","slug":"so-richtig-nass","status":"publish","type":"post","link":"https:\/\/www.anthealein.de\/?p=10641","title":{"rendered":"So richtig nass &hellip;"},"content":{"rendered":"<p align=\"justify\">\u2026 wurden Lena und ich heute. W\u00e4hrend Chris und Jana zu Hause blieben, liefen Lena und ich im leichten Nieselregen \u00fcber die KW-Br\u00fccke zur Taufe von Sandras und Marcs Tochter. Leicht blieb der Nieselregen jedoch leider nicht, der Pfarrer k\u00fcrzte dramatisch ab und Lena und ich verlie\u00dfen vorzeitig die Taufe, gefolgt von ganz ganz vielen anderen Menschen. Lena war sooooooooo kalt und sie war sooooooooooooo nass, da half nur eins: Chris anrufen wegen einer Abholung <img decoding=\"async\" class=\"wlEmoticon wlEmoticon-smile\" style=\"border-top-style: none; border-left-style: none; border-bottom-style: none; border-right-style: none\" alt=\"Smiley\" src=\"http:\/\/www.anthealein.de\/wp-content\/uploads\/2013\/09\/wlEmoticon-smile2.png\" \/> . <\/p>\n<p align=\"justify\">Zuhause erwartete mich der Haushalt, Kochen, Backen und f\u00fcr die Kinder kam M. von unten nach oben, w\u00e4hrend seine Eltern zum Tanzkurs gingen. <\/p>\n<p align=\"justify\">&#160;<\/p>\n<p align=\"center\"><a href=\"http:\/\/www.anthealein.de\/wp-content\/uploads\/2013\/09\/08092013.jpg\"><img loading=\"lazy\" decoding=\"async\" title=\"08092013\" style=\"border-top: 0px; border-right: 0px; background-image: none; border-bottom: 0px; padding-top: 0px; padding-left: 0px; border-left: 0px; display: inline; padding-right: 0px\" border=\"0\" alt=\"08092013\" src=\"http:\/\/www.anthealein.de\/wp-content\/uploads\/2013\/09\/08092013_thumb.jpg\" width=\"504\" height=\"504\" \/><\/a><\/p>\n<p align=\"center\">&#160;<\/p>\n<p align=\"center\"><a href=\"http:\/\/www.anthealein.de\/wp-content\/uploads\/2013\/09\/08092013II.jpg\"><img loading=\"lazy\" decoding=\"async\" title=\"08092013II\" style=\"border-top: 0px; border-right: 0px; background-image: none; border-bottom: 0px; padding-top: 0px; padding-left: 0px; border-left: 0px; display: inline; padding-right: 0px\" border=\"0\" alt=\"08092013II\" src=\"http:\/\/www.anthealein.de\/wp-content\/uploads\/2013\/09\/08092013II_thumb.jpg\" width=\"504\" height=\"504\" \/><\/a><\/p>\n","protected":false},"excerpt":{"rendered":"<p>\u2026 wurden Lena und ich heute. W\u00e4hrend Chris und Jana zu Hause blieben, liefen Lena und ich im leichten Nieselregen \u00fcber die KW-Br\u00fccke zur Taufe von Sandras und Marcs Tochter. Leicht blieb der Nieselregen jedoch leider nicht, der Pfarrer k\u00fcrzte dramatisch ab und Lena und ich verlie\u00dfen vorzeitig die Taufe, gefolgt von ganz ganz vielen [&hellip;]<\/p>\n","protected":false},"author":1,"featured_media":0,"comment_status":"open","ping_status":"open","sticky":false,"template":"","format":"standard","meta":{"footnotes":""},"categories":[3],"tags":[],"class_list":["post-10641","post","type-post","status-publish","format-standard","hentry","category-alles-mogliche"],"_links":{"self":[{"href":"https:\/\/www.anthealein.de\/index.php?rest_route=\/wp\/v2\/posts\/10641","targetHints":{"allow":["GET"]}}],"collection":[{"href":"https:\/\/www.anthealein.de\/index.php?rest_route=\/wp\/v2\/posts"}],"about":[{"href":"https:\/\/www.anthealein.de\/index.php?rest_route=\/wp\/v2\/types\/post"}],"author":[{"embeddable":true,"href":"https:\/\/www.anthealein.de\/index.php?rest_route=\/wp\/v2\/users\/1"}],"replies":[{"embeddable":true,"href":"https:\/\/www.anthealein.de\/index.php?rest_route=%2Fwp%2Fv2%2Fcomments&post=10641"}],"version-history":[{"count":0,"href":"https:\/\/www.anthealein.de\/index.php?rest_route=\/wp\/v2\/posts\/10641\/revisions"}],"wp:attachment":[{"href":"https:\/\/www.anthealein.de\/index.php?rest_route=%2Fwp%2Fv2%2Fmedia&parent=10641"}],"wp:term":[{"taxonomy":"category","embeddable":true,"href":"https:\/\/www.anthealein.de\/index.php?rest_route=%2Fwp%2Fv2%2Fcategories&post=10641"},{"taxonomy":"post_tag","embeddable":true,"href":"https:\/\/www.anthealein.de\/index.php?rest_route=%2Fwp%2Fv2%2Ftags&post=10641"}],"curies":[{"name":"wp","href":"https:\/\/api.w.org\/{rel}","templated":true}]}}